{"id":970,"date":"2025-09-11T12:30:40","date_gmt":"2025-09-11T10:30:40","guid":{"rendered":"https:\/\/gegfm.com\/1\/?p=970"},"modified":"2025-09-11T12:31:08","modified_gmt":"2025-09-11T10:31:08","slug":"kosova-behet-pjese-e-rrjeteve-nderkombetare-per-one-health","status":"publish","type":"post","link":"https:\/\/gegfm.com\/1\/kosova-behet-pjese-e-rrjeteve-nderkombetare-per-one-health\/","title":{"rendered":"Kosova b\u00ebhet pjes\u00eb e rrjeteve nd\u00ebrkomb\u00ebtare p\u00ebr One Health"},"content":{"rendered":"\n<p>Komiteti Nd\u00ebrministror i Kosov\u00ebs p\u00ebr <strong>One Health<\/strong> \u00ebsht\u00eb b\u00ebr\u00eb an\u00ebtar i <strong>Fondacionit p\u00ebr One Sustainable Health n\u00eb Franc\u00eb<\/strong> dhe i <strong>Rrjetit Ballkanik p\u00ebr One Health (BOHN)<\/strong>. Ky an\u00ebtar\u00ebsim sh\u00ebnon nj\u00eb hap t\u00eb r\u00ebnd\u00ebsish\u00ebm n\u00eb avancimin e Kosov\u00ebs drejt iniciativave nd\u00ebrkomb\u00ebtare q\u00eb lidhin sh\u00ebndetin e njer\u00ebzve, kafsh\u00ebve dhe mjedisit n\u00eb nj\u00eb korniz\u00eb t\u00eb vetme bashk\u00ebpunimi.<\/p>\n\n\n\n<p>Pas an\u00ebtar\u00ebsimit, <strong>z. Benoit Miribel<\/strong>, President i Fondacionit \u201cNj\u00eb Sh\u00ebndet i Q\u00ebndruesh\u00ebm p\u00ebr t\u00eb Gjith\u00eb\u201d n\u00ebn kujdesin e <strong>Institutit Pasteur<\/strong>, vizitoi Ministrin\u00eb e Sh\u00ebndet\u00ebsis\u00eb, ku premtoi p\u00ebrkrahje konkrete p\u00ebr ngritjen e kapaciteteve laboratorike t\u00eb Kosov\u00ebs.<\/p>\n\n\n\n<h3 class=\"wp-block-heading\">Q\u00ebllimet e rrjet\u00ebzimit<\/h3>\n\n\n\n<p>Objektivi kryesor i k\u00ebtij bashk\u00ebpunimi \u00ebsht\u00eb forcimi i kapaciteteve shtet\u00ebrore p\u00ebr:<\/p>\n\n\n\n<ul class=\"wp-block-list\">\n<li>parandalimin, monitorimin dhe menaxhimin e s\u00ebmundjeve q\u00eb transmetohen nga kafsh\u00ebt te njer\u00ebzit,<\/li>\n\n\n\n<li>mbrojtjen e biodiversitetit,<\/li>\n\n\n\n<li>nd\u00ebrtimin e sistemeve t\u00eb q\u00ebndrueshme sh\u00ebndet\u00ebsore.<\/li>\n<\/ul>\n\n\n\n<h3 class=\"wp-block-heading\">P\u00ebrfitimet p\u00ebr Kosov\u00ebn<\/h3>\n\n\n\n<p>Me pjes\u00ebmarrjen aktive n\u00eb k\u00ebto rrjete, Kosova do t\u00eb ket\u00eb mund\u00ebsi t\u00eb:<\/p>\n\n\n\n<ul class=\"wp-block-list\">\n<li>shk\u00ebmbej\u00eb ekspertiz\u00eb shkencore dhe profesionale,<\/li>\n\n\n\n<li>zhvilloj\u00eb projekte t\u00eb p\u00ebrbashk\u00ebta me shtetet e rajonit dhe BE-s\u00eb,<\/li>\n\n\n\n<li>ket\u00eb qasje m\u00eb t\u00eb leht\u00eb n\u00eb programe k\u00ebrkimore, trajnime dhe fonde nd\u00ebrkomb\u00ebtare,<\/li>\n\n\n\n<li>rris\u00eb kapacitetet vendore p\u00ebr menaxhimin e krizave sh\u00ebndet\u00ebsore, zoonotike dhe mjedisore.<\/li>\n<\/ul>\n\n\n\n<p>Ky hap d\u00ebshmon p\u00ebrkushtimin e Kosov\u00ebs p\u00ebr t\u00eb kontribuar n\u00eb bashk\u00ebpunimin nd\u00ebrkomb\u00ebtar dhe p\u00ebr t\u00eb forcuar sh\u00ebndetin e gjeneratave t\u00eb tashme dhe t\u00eb ardhshme.<\/p>\n\n\n\n<iframe loading=\"lazy\" src=\"https:\/\/www.facebook.com\/plugins\/post.php?href=https%3A%2F%2Fwww.facebook.com%2FMinistria.Shendetesise.RKS%2Fposts%2Fpfbid0X3kPyB4i3pzTUZB7q9VwdbR2UNGQhgbMDdDiFm7Tqgdx2KqPDPWVo12agyoXVFCbl&#038;show_text=true&#038;width=500\" width=\"500\" height=\"250\" style=\"border:none;overflow:hidden\" scrolling=\"no\" frameborder=\"0\" allowfullscreen=\"true\" allow=\"autoplay; clipboard-write; encrypted-media; picture-in-picture; web-share\"><\/iframe>\n","protected":false},"excerpt":{"rendered":"<p>Komiteti Nd\u00ebrministror i Kosov\u00ebs p\u00ebr One Health \u00ebsht\u00eb b\u00ebr\u00eb an\u00ebtar i Fondacionit p\u00ebr One Sustainable Health n\u00eb Franc\u00eb dhe i Rrjetit Ballkanik p\u00ebr One Health (BOHN). Ky an\u00ebtar\u00ebsim sh\u00ebnon nj\u00eb hap t\u00eb r\u00ebnd\u00ebsish\u00ebm n\u00eb avancimin e Kosov\u00ebs drejt iniciativave nd\u00ebrkomb\u00ebtare q\u00eb lidhin sh\u00ebndetin e njer\u00ebzve, kafsh\u00ebve dhe mjedisit n\u00eb nj\u00eb korniz\u00eb t\u00eb vetme bashk\u00ebpunimi. Pas [&hellip;]<\/p>\n","protected":false},"author":1,"featured_media":971,"comment_status":"closed","ping_status":"open","sticky":false,"template":"","format":"standard","meta":{"footnotes":""},"categories":[3,4],"tags":[],"class_list":["post-970","post","type-post","status-publish","format-standard","has-post-thumbnail","hentry","category-pak-per-shendetin","category-pak-per-vendin","entry daho-fn-article"],"_links":{"self":[{"href":"https:\/\/gegfm.com\/1\/wp-json\/wp\/v2\/posts\/970","targetHints":{"allow":["GET"]}}],"collection":[{"href":"https:\/\/gegfm.com\/1\/wp-json\/wp\/v2\/posts"}],"about":[{"href":"https:\/\/gegfm.com\/1\/wp-json\/wp\/v2\/types\/post"}],"author":[{"embeddable":true,"href":"https:\/\/gegfm.com\/1\/wp-json\/wp\/v2\/users\/1"}],"replies":[{"embeddable":true,"href":"https:\/\/gegfm.com\/1\/wp-json\/wp\/v2\/comments?post=970"}],"version-history":[{"count":2,"href":"https:\/\/gegfm.com\/1\/wp-json\/wp\/v2\/posts\/970\/revisions"}],"predecessor-version":[{"id":973,"href":"https:\/\/gegfm.com\/1\/wp-json\/wp\/v2\/posts\/970\/revisions\/973"}],"wp:featuredmedia":[{"embeddable":true,"href":"https:\/\/gegfm.com\/1\/wp-json\/wp\/v2\/media\/971"}],"wp:attachment":[{"href":"https:\/\/gegfm.com\/1\/wp-json\/wp\/v2\/media?parent=970"}],"wp:term":[{"taxonomy":"category","embeddable":true,"href":"https:\/\/gegfm.com\/1\/wp-json\/wp\/v2\/categories?post=970"},{"taxonomy":"post_tag","embeddable":true,"href":"https:\/\/gegfm.com\/1\/wp-json\/wp\/v2\/tags?post=970"}],"curies":[{"name":"wp","href":"https:\/\/api.w.org\/{rel}","templated":true}]}}