{"id":940,"date":"2025-09-10T15:26:39","date_gmt":"2025-09-10T13:26:39","guid":{"rendered":"https:\/\/gegfm.com\/1\/?p=940"},"modified":"2025-09-10T15:37:04","modified_gmt":"2025-09-10T13:37:04","slug":"nga-djali-te-babai-regjisori-erson-zymberi-na-fton-ne-nje-udhetim-te-ndjeshem-teatral-ne-zemren-e-familjes","status":"publish","type":"post","link":"https:\/\/gegfm.com\/1\/nga-djali-te-babai-regjisori-erson-zymberi-na-fton-ne-nje-udhetim-te-ndjeshem-teatral-ne-zemren-e-familjes\/","title":{"rendered":"Nga \u201cDjali\u201d te \u201cBabai\u201d: Regjisori Erson Zymberi na fton n\u00eb nj\u00eb udh\u00ebtim t\u00eb ndjesh\u00ebm teatral n\u00eb zemr\u00ebn e familjes"},"content":{"rendered":"\n<p>Kur dritat e sken\u00ebs u ndez\u00ebn p\u00ebr shfaqjen <strong>\u201cDjali\u201d<\/strong> n\u00eb Teatrin e Qytetit t\u00eb Gjilanit, \u00e7do heshtje, \u00e7do shikim dhe \u00e7do fjal\u00eb flisnin m\u00eb shum\u00eb se \u00e7\u2019mund t\u00eb thoshte vet\u00eb teksti. Publiku u ndje pjes\u00eb e nj\u00eb bote t\u00eb brendshme, ku emocionet e f\u00ebmij\u00ebris\u00eb, dhimbja dhe dashuria p\u00ebrziheshin n\u00eb m\u00ebnyr\u00eb delikate.<\/p>\n\n\n\n<p>Puna e regjisorit <strong>Erson Zymberi<\/strong> u shp\u00ebrblye me <strong>\u00c7mimin p\u00ebr Regjin\u00eb m\u00eb t\u00eb Mir\u00eb n\u00eb fush\u00ebn teatrale p\u00ebr vitin 2025<\/strong>, njohje nga Ministria e Kultur\u00ebs. M\u00eb pas, \u201cDjali\u201d rr\u00ebmbeu edhe <strong>\u00e7mimin kryesor \u201cShfaqja m\u00eb e mir\u00eb\u201d<\/strong> n\u00eb Festivalin e Teatrove n\u00eb Ferizaj, duke konfirmuar se historia e thjesht\u00eb, por e fuqishme, e autorit Florian Zeller kishte prekur zemrat e publikut dhe kritik\u00ebve nj\u00ebsoj, nd\u00ebrsa regjia e Zymberit i dha jet\u00ebs \u00e7do ndjesi, \u00e7do heshtje dhe \u00e7do tension t\u00eb fshehur midis fjal\u00ebve.<\/p>\n\n\n\n<p>Pas k\u00ebtij suksesi, skena tani po p\u00ebrgatitet p\u00ebr t\u00eb mir\u00ebpritur <strong>\u201cBabain\u201d<\/strong>, shfaqja e dyt\u00eb e trilogjis\u00eb s\u00eb Florian Zeller, e cila do t\u00eb ngjitet s\u00eb shpejti premier\u00eb n\u00eb <strong>Teatrin Komb\u00ebtar Eksperimental n\u00eb Tiran\u00eb<\/strong>.<\/p>\n\n\n\n<p>Me aktor\u00eb t\u00eb p\u00ebrzgjedhur nga Tirana dhe regji t\u00eb holl\u00eb, \u201cBabai\u201d shpalos bot\u00ebn e nj\u00eb burri t\u00eb moshuar q\u00eb po humb kujtes\u00ebn dhe lidhjet me realitetin. P\u00ebrmes marr\u00ebdh\u00ebnies me vajz\u00ebn e tij, shfaqja na fton t\u00eb ndiejm\u00eb fragjilitetin e kujtes\u00ebs, dashurin\u00eb q\u00eb q\u00ebndron edhe kur gjith\u00e7ka tjet\u00ebr ik\u00ebn, dhe betej\u00ebn e njeriut me koh\u00ebn q\u00eb nuk pret. \u00c7do sken\u00eb \u00ebsht\u00eb nj\u00eb udh\u00ebtim n\u00eb heshtjen dhe kujtimet q\u00eb mbajn\u00eb familjen s\u00eb bashku.<\/p>\n\n\n\n<p>Regjisori Erson Zymberi ka b\u00ebr\u00eb t\u00eb ditur se puna p\u00ebr shfaqjen <strong>\u201cN\u00ebna\u201d<\/strong>, vepra e tret\u00eb e trilogjis\u00eb, do t\u00eb filloj\u00eb n\u00eb dhjetor, duke mbyllur ciklin e Zellerit me nj\u00eb reflektim t\u00eb plot\u00eb mbi marr\u00ebdh\u00ebniet familjare, kujtes\u00ebn dhe dashurin\u00eb q\u00eb e p\u00ebrballon koh\u00ebn.<\/p>\n\n\n\n<p><strong>Trilogjia e Zellerit \u2013 \u201cDjali\u201d, \u201cBabai\u201d dhe \u201cN\u00ebna\u201d<\/strong> \u2013 \u00ebsht\u00eb nj\u00eb udh\u00ebtim delikat n\u00eb zemr\u00ebn e familjes. \u00cbsht\u00eb nj\u00eb histori ku \u00e7do heshtje flet, \u00e7do emocion prek, dhe skena shnd\u00ebrrohet n\u00eb pasqyr\u00eb t\u00eb ndjeshm\u00ebris\u00eb njer\u00ebzore, duke na kujtuar se lidhjet me ata q\u00eb duam jan\u00eb m\u00eb t\u00eb fuqishme se koha.<\/p>\n\n\n\n<iframe loading=\"lazy\" src=\"https:\/\/www.facebook.com\/plugins\/post.php?href=https%3A%2F%2Fwww.facebook.com%2Ferson.zymberi%2Fposts%2Fpfbid02pdLJN4NTsruscTZVTLsyExEf3jnNupQ66MhKr7ZAnfFWuuS5Dm6kVbCQtwGE8UUhl&#038;show_text=true&#038;width=500\" width=\"500\" height=\"792\" style=\"border:none;overflow:hidden\" scrolling=\"no\" frameborder=\"0\" allowfullscreen=\"true\" allow=\"autoplay; clipboard-write; encrypted-media; picture-in-picture; web-share\"><\/iframe>\n","protected":false},"excerpt":{"rendered":"<p>Kur dritat e sken\u00ebs u ndez\u00ebn p\u00ebr shfaqjen \u201cDjali\u201d n\u00eb Teatrin e Qytetit t\u00eb Gjilanit, \u00e7do heshtje, \u00e7do shikim dhe \u00e7do fjal\u00eb flisnin m\u00eb shum\u00eb se \u00e7\u2019mund t\u00eb thoshte vet\u00eb teksti. Publiku u ndje pjes\u00eb e nj\u00eb bote t\u00eb brendshme, ku emocionet e f\u00ebmij\u00ebris\u00eb, dhimbja dhe dashuria p\u00ebrziheshin n\u00eb m\u00ebnyr\u00eb delikate. Puna e regjisorit Erson [&hellip;]<\/p>\n","protected":false},"author":2,"featured_media":943,"comment_status":"closed","ping_status":"open","sticky":false,"template":"","format":"standard","meta":{"footnotes":""},"categories":[6,25],"tags":[],"class_list":["post-940","post","type-post","status-publish","format-standard","has-post-thumbnail","hentry","category-pak-per-kulturen","category-pak-per-teatrin","entry daho-fn-article"],"_links":{"self":[{"href":"https:\/\/gegfm.com\/1\/wp-json\/wp\/v2\/posts\/940","targetHints":{"allow":["GET"]}}],"collection":[{"href":"https:\/\/gegfm.com\/1\/wp-json\/wp\/v2\/posts"}],"about":[{"href":"https:\/\/gegfm.com\/1\/wp-json\/wp\/v2\/types\/post"}],"author":[{"embeddable":true,"href":"https:\/\/gegfm.com\/1\/wp-json\/wp\/v2\/users\/2"}],"replies":[{"embeddable":true,"href":"https:\/\/gegfm.com\/1\/wp-json\/wp\/v2\/comments?post=940"}],"version-history":[{"count":1,"href":"https:\/\/gegfm.com\/1\/wp-json\/wp\/v2\/posts\/940\/revisions"}],"predecessor-version":[{"id":942,"href":"https:\/\/gegfm.com\/1\/wp-json\/wp\/v2\/posts\/940\/revisions\/942"}],"wp:featuredmedia":[{"embeddable":true,"href":"https:\/\/gegfm.com\/1\/wp-json\/wp\/v2\/media\/943"}],"wp:attachment":[{"href":"https:\/\/gegfm.com\/1\/wp-json\/wp\/v2\/media?parent=940"}],"wp:term":[{"taxonomy":"category","embeddable":true,"href":"https:\/\/gegfm.com\/1\/wp-json\/wp\/v2\/categories?post=940"},{"taxonomy":"post_tag","embeddable":true,"href":"https:\/\/gegfm.com\/1\/wp-json\/wp\/v2\/tags?post=940"}],"curies":[{"name":"wp","href":"https:\/\/api.w.org\/{rel}","templated":true}]}}