{"id":926,"date":"2025-09-10T11:50:25","date_gmt":"2025-09-10T09:50:25","guid":{"rendered":"https:\/\/gegfm.com\/1\/?p=926"},"modified":"2025-09-10T11:50:26","modified_gmt":"2025-09-10T09:50:26","slug":"kosh-film-fest-2025-nje-udhetim-kinematografik-ne-korce","status":"publish","type":"post","link":"https:\/\/gegfm.com\/1\/kosh-film-fest-2025-nje-udhetim-kinematografik-ne-korce\/","title":{"rendered":"KO:SH Film Fest 2025: Nj\u00eb Udh\u00ebtim Kinematografik n\u00eb Kor\u00e7\u00eb"},"content":{"rendered":"\n<p>Nga sot deri m\u00eb 13 shtator 2025, qyteti i Kor\u00e7\u00ebs do t\u00eb pres\u00eb edicionin e radh\u00ebs t\u00eb Festivalit t\u00eb Filmit t\u00eb Shkurt\u00ebr KO:SH Film Fest, nj\u00eb ngjarje q\u00eb sjell bashk\u00eb artin dhe kultur\u00ebn globale.<\/p>\n\n\n\n<p>Me tem\u00ebn \u201cZhvendosja\u201d, festivali i k\u00ebtij viti eksploron sfidat njer\u00ebzore t\u00eb shkaktuara nga konflikte, mungesa e demokracis\u00eb, varf\u00ebria ekonomike apo korrupsioni, duke prekur jet\u00ebt e miliona njer\u00ebzve n\u00eb mbar\u00eb bot\u00ebn.<\/p>\n\n\n\n<p>KO:SH Film Fest \u00ebsht\u00eb nj\u00eb pik\u00ebtakim ky\u00e7 p\u00ebr kinematografin\u00eb n\u00eb rajon. P\u00ebrgjat\u00eb pes\u00eb dit\u00ebve, do t\u00eb shfaqen 81 filma t\u00eb shkurt\u00ebr nga 40 vende, duke e transformuar Kor\u00e7\u00ebn n\u00eb nj\u00eb epiqend\u00ebr t\u00eb krijimtaris\u00eb nd\u00ebrkomb\u00ebtare. Aktivitetet do t\u00eb zhvillohen n\u00eb ambiente si Kinema Majestic, Galeria e Arteve Digjitale Kor\u00e7\u00eb, Biblioteka e Kor\u00e7\u00ebs dhe Qendra Rinore Kor\u00e7\u00eb.<\/p>\n\n\n\n<p>K\u00ebt\u00eb vit, Bullgaria \u00ebsht\u00eb vendi n\u00eb fokus, me nj\u00eb p\u00ebrzgjedhje filmash nga \u201cIn The Palace Short Film Festival\u201d, q\u00eb p\u00ebrfshin 6 filma t\u00eb shkurt\u00ebr bullgar\u00eb t\u00eb shfaqur sonte. Programi p\u00ebr f\u00ebmij\u00eb ofron shfaqje filmash, pun\u00ebtori dhe masterklasa, duke angazhuar t\u00eb rinjt\u00eb n\u00eb aktivitete krijuese.<\/p>\n\n\n\n<p>P\u00ebrve\u00e7 shfaqjeve, festivali do t\u00eb p\u00ebrfshij\u00eb diskutime mbi \u00e7\u00ebshtje t\u00eb r\u00ebnd\u00ebsishme shoq\u00ebrore, duke krijuar nj\u00eb hap\u00ebsir\u00eb gjith\u00ebp\u00ebrfshir\u00ebse p\u00ebr t\u00eb gjith\u00eb t\u00eb pranishmit.<\/p>\n\n\n\n<p>Bashkia Kor\u00e7\u00eb i fton t\u00eb gjith\u00eb t\u00eb bashkohen n\u00eb k\u00ebt\u00eb fest\u00eb t\u00eb artit dhe kultur\u00ebs, p\u00ebr t\u00eb p\u00ebrjetuar dit\u00eb t\u00eb mbushura me frym\u00ebzim dhe dialog, raporton atsh.<\/p>\n","protected":false},"excerpt":{"rendered":"<p>Nga sot deri m\u00eb 13 shtator 2025, qyteti i Kor\u00e7\u00ebs do t\u00eb pres\u00eb edicionin e radh\u00ebs t\u00eb Festivalit t\u00eb Filmit t\u00eb Shkurt\u00ebr KO:SH Film Fest, nj\u00eb ngjarje q\u00eb sjell bashk\u00eb artin dhe kultur\u00ebn globale. Me tem\u00ebn \u201cZhvendosja\u201d, festivali i k\u00ebtij viti eksploron sfidat njer\u00ebzore t\u00eb shkaktuara nga konflikte, mungesa e demokracis\u00eb, varf\u00ebria ekonomike apo korrupsioni, [&hellip;]<\/p>\n","protected":false},"author":1,"featured_media":927,"comment_status":"closed","ping_status":"open","sticky":false,"template":"","format":"standard","meta":{"footnotes":""},"categories":[1,6,2,28],"tags":[],"class_list":["post-926","post","type-post","status-publish","format-standard","has-post-thumbnail","hentry","category-pak-per-filmin","category-pak-per-kulturen","category-pak-per-shqiptaret","category-per-paak","entry daho-fn-article"],"_links":{"self":[{"href":"https:\/\/gegfm.com\/1\/wp-json\/wp\/v2\/posts\/926","targetHints":{"allow":["GET"]}}],"collection":[{"href":"https:\/\/gegfm.com\/1\/wp-json\/wp\/v2\/posts"}],"about":[{"href":"https:\/\/gegfm.com\/1\/wp-json\/wp\/v2\/types\/post"}],"author":[{"embeddable":true,"href":"https:\/\/gegfm.com\/1\/wp-json\/wp\/v2\/users\/1"}],"replies":[{"embeddable":true,"href":"https:\/\/gegfm.com\/1\/wp-json\/wp\/v2\/comments?post=926"}],"version-history":[{"count":1,"href":"https:\/\/gegfm.com\/1\/wp-json\/wp\/v2\/posts\/926\/revisions"}],"predecessor-version":[{"id":928,"href":"https:\/\/gegfm.com\/1\/wp-json\/wp\/v2\/posts\/926\/revisions\/928"}],"wp:featuredmedia":[{"embeddable":true,"href":"https:\/\/gegfm.com\/1\/wp-json\/wp\/v2\/media\/927"}],"wp:attachment":[{"href":"https:\/\/gegfm.com\/1\/wp-json\/wp\/v2\/media?parent=926"}],"wp:term":[{"taxonomy":"category","embeddable":true,"href":"https:\/\/gegfm.com\/1\/wp-json\/wp\/v2\/categories?post=926"},{"taxonomy":"post_tag","embeddable":true,"href":"https:\/\/gegfm.com\/1\/wp-json\/wp\/v2\/tags?post=926"}],"curies":[{"name":"wp","href":"https:\/\/api.w.org\/{rel}","templated":true}]}}