{"id":920,"date":"2025-09-10T11:26:19","date_gmt":"2025-09-10T09:26:19","guid":{"rendered":"https:\/\/gegfm.com\/1\/?p=920"},"modified":"2025-09-10T11:26:19","modified_gmt":"2025-09-10T09:26:19","slug":"rfef-injoron-kosoven-edhe-pas-ndeshjes-u-21","status":"publish","type":"post","link":"https:\/\/gegfm.com\/1\/rfef-injoron-kosoven-edhe-pas-ndeshjes-u-21\/","title":{"rendered":"RFEF injoron Kosov\u00ebn edhe pas ndeshjes U-21"},"content":{"rendered":"\n<p>Federata Spanjolle e Futbollit (RFEF) edhe nj\u00eb her\u00eb ka treguar qasjen e saj mohues ndaj shtetit t\u00eb Kosov\u00ebs.<\/p>\n\n\n\n<hr class=\"wp-block-separator has-alpha-channel-opacity\"\/>\n\n\n\n<h4 class=\"wp-block-heading\">\u201cTerritori i Kosov\u00ebs\u201d n\u00eb paralajm\u00ebrimin e ndeshjes<\/h4>\n\n\n\n<p>Para sfid\u00ebs s\u00eb vlefshme p\u00ebr kualifikimet e Euro 2027 mes Kosov\u00ebs U-21 dhe Spanj\u00ebs U-21, RFEF e kishte em\u00ebrtuar vendin ton\u00eb si <strong>\u201cTerritori i Kosov\u00ebs\u201d<\/strong> n\u00eb komunikimet zyrtare.<\/p>\n\n\n\n<hr class=\"wp-block-separator has-alpha-channel-opacity\"\/>\n\n\n\n<h4 class=\"wp-block-heading\">Raporti i loj\u00ebs pa Kosov\u00ebn<\/h4>\n\n\n\n<p>N\u00eb raportin zyrtar t\u00eb loj\u00ebs, spanjoll\u00ebt s\u00ebrish nuk e p\u00ebrmend\u00ebn shtetin apo Komb\u00ebtaren e Kosov\u00ebs. P\u00ebrfaq\u00ebsuesja jon\u00eb u etiketuua si <strong>\u201cseleksioni kosovar\u201d<\/strong>, nd\u00ebrsa p\u00ebrmendej vet\u00ebm kryeqyteti Prishtina p\u00ebr t\u00eb shmangur p\u00ebrdorimin e emrit Kosova.<\/p>\n\n\n\n<hr class=\"wp-block-separator has-alpha-channel-opacity\"\/>\n\n\n\n<h4 class=\"wp-block-heading\">Postimi kontradiktor i RFEF-s\u00eb<\/h4>\n\n\n\n<p>Pas fitores 1:3 n\u00eb stadiumin \u201cFadil Vokrri\u201d, RFEF publikoi:<\/p>\n\n\n\n<blockquote class=\"wp-block-quote is-layout-flow wp-block-quote-is-layout-flow\">\n<p>\u201cMision i kompletuar n\u00eb Prishtin\u00eb. Spanja me golat e Joel Roca, Iker Bravo dhe Ni\u00f1o u djersit shum\u00eb p\u00ebr ta marr\u00eb fitoren kund\u00ebr nj\u00eb kund\u00ebrshtari t\u00eb fort\u00eb\u201d.<\/p>\n<\/blockquote>\n\n\n\n<p>Paradoksi q\u00ebndron tek fakti se, ndon\u00ebse mohoi Kosov\u00ebn n\u00eb tekst, krahas rezultatit final federata spanjolle vendosi <strong>flamurin e shtetit t\u00eb Kosov\u00ebs<\/strong>.<\/p>\n\n\n\n<hr class=\"wp-block-separator has-alpha-channel-opacity\"\/>\n\n\n\n<h4 class=\"wp-block-heading\">Reagimi i FFK-s\u00eb n\u00eb UEFA<\/h4>\n\n\n\n<p>Federata e Futbollit e Kosov\u00ebs (FFK) ka b\u00ebr\u00eb t\u00eb ditur se ka reaguar zyrtarisht n\u00eb UEFA ndaj referimeve ofenduese t\u00eb RFEF-s\u00eb. FFK k\u00ebrkon q\u00eb identiteti i Kosov\u00ebs t\u00eb respektohet n\u00eb t\u00eb gjitha garat nd\u00ebrkomb\u00ebtare.<\/p>\n","protected":false},"excerpt":{"rendered":"<p>Federata Spanjolle e Futbollit (RFEF) edhe nj\u00eb her\u00eb ka treguar qasjen e saj mohues ndaj shtetit t\u00eb Kosov\u00ebs. \u201cTerritori i Kosov\u00ebs\u201d n\u00eb paralajm\u00ebrimin e ndeshjes Para sfid\u00ebs s\u00eb vlefshme p\u00ebr kualifikimet e Euro 2027 mes Kosov\u00ebs U-21 dhe Spanj\u00ebs U-21, RFEF e kishte em\u00ebrtuar vendin ton\u00eb si \u201cTerritori i Kosov\u00ebs\u201d n\u00eb komunikimet zyrtare. Raporti i [&hellip;]<\/p>\n","protected":false},"author":1,"featured_media":921,"comment_status":"closed","ping_status":"open","sticky":false,"template":"","format":"standard","meta":{"footnotes":""},"categories":[2,7,4],"tags":[],"class_list":["post-920","post","type-post","status-publish","format-standard","has-post-thumbnail","hentry","category-pak-per-shqiptaret","category-pak-per-sportin","category-pak-per-vendin","entry daho-fn-article"],"_links":{"self":[{"href":"https:\/\/gegfm.com\/1\/wp-json\/wp\/v2\/posts\/920","targetHints":{"allow":["GET"]}}],"collection":[{"href":"https:\/\/gegfm.com\/1\/wp-json\/wp\/v2\/posts"}],"about":[{"href":"https:\/\/gegfm.com\/1\/wp-json\/wp\/v2\/types\/post"}],"author":[{"embeddable":true,"href":"https:\/\/gegfm.com\/1\/wp-json\/wp\/v2\/users\/1"}],"replies":[{"embeddable":true,"href":"https:\/\/gegfm.com\/1\/wp-json\/wp\/v2\/comments?post=920"}],"version-history":[{"count":1,"href":"https:\/\/gegfm.com\/1\/wp-json\/wp\/v2\/posts\/920\/revisions"}],"predecessor-version":[{"id":922,"href":"https:\/\/gegfm.com\/1\/wp-json\/wp\/v2\/posts\/920\/revisions\/922"}],"wp:featuredmedia":[{"embeddable":true,"href":"https:\/\/gegfm.com\/1\/wp-json\/wp\/v2\/media\/921"}],"wp:attachment":[{"href":"https:\/\/gegfm.com\/1\/wp-json\/wp\/v2\/media?parent=920"}],"wp:term":[{"taxonomy":"category","embeddable":true,"href":"https:\/\/gegfm.com\/1\/wp-json\/wp\/v2\/categories?post=920"},{"taxonomy":"post_tag","embeddable":true,"href":"https:\/\/gegfm.com\/1\/wp-json\/wp\/v2\/tags?post=920"}],"curies":[{"name":"wp","href":"https:\/\/api.w.org\/{rel}","templated":true}]}}