{"id":872,"date":"2025-09-09T11:34:41","date_gmt":"2025-09-09T11:34:41","guid":{"rendered":"https:\/\/gegfm.com\/1\/?p=872"},"modified":"2025-09-09T11:34:42","modified_gmt":"2025-09-09T11:34:42","slug":"festivali-i-kenges-2025-zbulohet-lista-e-kengeve-garuese-te-edicionit-te-trete","status":"publish","type":"post","link":"https:\/\/gegfm.com\/1\/festivali-i-kenges-2025-zbulohet-lista-e-kengeve-garuese-te-edicionit-te-trete\/","title":{"rendered":"Festivali i K\u00ebng\u00ebs 2025: Zbulohet lista e k\u00ebng\u00ebve garuese t\u00eb edicionit t\u00eb tret\u00eb"},"content":{"rendered":"\n<p>Edicioni i tret\u00eb i Festivalit t\u00eb K\u00ebng\u00ebs s\u00eb Radiotelevizionit t\u00eb Kosov\u00ebs po afrohet, dhe emocionet fillojn\u00eb t\u00eb ndihen n\u00eb aj\u00ebr. Pas nj\u00eb p\u00ebrzgjedhjeje t\u00eb kujdesshme mes 44 aplikuesve, komisioni ka zgjedhur 20 k\u00ebng\u00eb q\u00eb do t\u00eb ngjiten n\u00eb sken\u00ebn e magjishme t\u00eb festivalit gjat\u00eb tri net\u00ebve t\u00eb ardhshme, m\u00eb 6, 7 dhe 8 n\u00ebntor.<\/p>\n\n\n\n<p>K\u00ebto k\u00ebng\u00eb sjellin ngjyra dhe emocione t\u00eb ndryshme \u2013 nga dashuria e \u00ebmb\u00ebl te reflektimet personale, nga ritmet q\u00eb ndezin shpirtin te melodit\u00eb q\u00eb ftojn\u00eb p\u00ebr t\u00eb \u00ebnd\u00ebrruar. Festivali premton nj\u00eb udh\u00ebtim muzikor ku secila performanc\u00eb \u00ebsht\u00eb nj\u00eb histori e vetme, nj\u00eb drit\u00eb e vog\u00ebl q\u00eb ndri\u00e7on sken\u00ebn dhe zemrat e audienc\u00ebs.<\/p>\n\n\n\n<p>Lista e 20 k\u00ebng\u00ebve garuese p\u00ebr \u2018Fest 3\u2019:<\/p>\n\n\n\n<ol class=\"wp-block-list\">\n<li>Almir Kraba \u2013 \u201cNuk ka si ti\u201d<\/li>\n\n\n\n<li>Arjeta Palushaj \u2013 \u201cAndrra\u201d<\/li>\n\n\n\n<li>Arsi Bako \u2013 \u201cRreze Zjarr\u201d<\/li>\n\n\n\n<li>Art Lokaj \u2013 \u201cTy\u201d<\/li>\n\n\n\n<li>Bledi Kaso \u2013 \u201cS\u2019do t\u00eb doja dy jet\u00eb\u201d<\/li>\n\n\n\n<li>Dea Berisha \u2013 \u201cAf\u00ebr\u201d<\/li>\n\n\n\n<li>Egzon Pireci \u2013 \u201cK\u00ebnga Jon\u00eb\u201d<\/li>\n\n\n\n<li>Elmedin\u00eb Ramushi \u2013 \u201cA po m\u2019sheh\u201d<\/li>\n\n\n\n<li>Florent Abrashi \u2013 \u201cUn\u00eb dhe ti\u201d<\/li>\n\n\n\n<li>Kiara Juba \u2013 \u201cNirvana\u201d<\/li>\n\n\n\n<li>Klea Dina \u2013 \u201cAt\u201d<\/li>\n\n\n\n<li>Laorjan Ejlli \u2013 \u201cNj\u00eb nat\u00eb shkruajta p\u00ebr ty\u201d<\/li>\n\n\n\n<li>Nita Latifi &amp; Algert Sala \u2013 \u201cPija\u201d<\/li>\n\n\n\n<li>Santino de Bartolo \u2013 \u201cNaze Naze\u201d<\/li>\n\n\n\n<li>Semi Tafaj \u2013 \u201cVazhdoj\u201d<\/li>\n\n\n\n<li>Teut\u00eb Halili \u2013 \u201cAmin\u201d<\/li>\n\n\n\n<li>Vlera Kastrati \u2013 \u201cNan\u00eb\u201d<\/li>\n\n\n\n<li>Vjosa Shehu \u2013 \u201cAlo\u201d<\/li>\n\n\n\n<li>Xuxi \u2013 \u201cIdentitet\u201d<\/li>\n\n\n\n<li>Zergjina Hasanaj \u2013 \u201cPres\u201d<\/li>\n<\/ol>\n\n\n\n<p>Secila k\u00ebng\u00eb \u00ebsht\u00eb nj\u00eb dritare n\u00eb shpirtin e artistit, nj\u00eb ftes\u00eb p\u00ebr t\u00eb p\u00ebrjetuar emocionet dhe pasionin e muzik\u00ebs shqiptare. T\u00eb gjith\u00eb adhuruesit e melos\u00ebve dhe tingujve unik\u00eb jan\u00eb t\u00eb ftuar t\u00eb b\u00ebhen pjes\u00eb e k\u00ebtij spektakli kulturor q\u00eb premton t\u00eb ndez\u00eb sken\u00ebn e muzik\u00ebs n\u00eb Kosov\u00eb<\/p>\n\n\n\n<p><\/p>\n","protected":false},"excerpt":{"rendered":"<p>Edicioni i tret\u00eb i Festivalit t\u00eb K\u00ebng\u00ebs s\u00eb Radiotelevizionit t\u00eb Kosov\u00ebs po afrohet, dhe emocionet fillojn\u00eb t\u00eb ndihen n\u00eb aj\u00ebr. Pas nj\u00eb p\u00ebrzgjedhjeje t\u00eb kujdesshme mes 44 aplikuesve, komisioni ka zgjedhur 20 k\u00ebng\u00eb q\u00eb do t\u00eb ngjiten n\u00eb sken\u00ebn e magjishme t\u00eb festivalit gjat\u00eb tri net\u00ebve t\u00eb ardhshme, m\u00eb 6, 7 dhe 8 n\u00ebntor. K\u00ebto [&hellip;]<\/p>\n","protected":false},"author":2,"featured_media":873,"comment_status":"closed","ping_status":"open","sticky":false,"template":"","format":"standard","meta":{"footnotes":""},"categories":[26,4],"tags":[],"class_list":["post-872","post","type-post","status-publish","format-standard","has-post-thumbnail","hentry","category-pak-per-muziken","category-pak-per-vendin","entry daho-fn-article"],"_links":{"self":[{"href":"https:\/\/gegfm.com\/1\/wp-json\/wp\/v2\/posts\/872","targetHints":{"allow":["GET"]}}],"collection":[{"href":"https:\/\/gegfm.com\/1\/wp-json\/wp\/v2\/posts"}],"about":[{"href":"https:\/\/gegfm.com\/1\/wp-json\/wp\/v2\/types\/post"}],"author":[{"embeddable":true,"href":"https:\/\/gegfm.com\/1\/wp-json\/wp\/v2\/users\/2"}],"replies":[{"embeddable":true,"href":"https:\/\/gegfm.com\/1\/wp-json\/wp\/v2\/comments?post=872"}],"version-history":[{"count":1,"href":"https:\/\/gegfm.com\/1\/wp-json\/wp\/v2\/posts\/872\/revisions"}],"predecessor-version":[{"id":874,"href":"https:\/\/gegfm.com\/1\/wp-json\/wp\/v2\/posts\/872\/revisions\/874"}],"wp:featuredmedia":[{"embeddable":true,"href":"https:\/\/gegfm.com\/1\/wp-json\/wp\/v2\/media\/873"}],"wp:attachment":[{"href":"https:\/\/gegfm.com\/1\/wp-json\/wp\/v2\/media?parent=872"}],"wp:term":[{"taxonomy":"category","embeddable":true,"href":"https:\/\/gegfm.com\/1\/wp-json\/wp\/v2\/categories?post=872"},{"taxonomy":"post_tag","embeddable":true,"href":"https:\/\/gegfm.com\/1\/wp-json\/wp\/v2\/tags?post=872"}],"curies":[{"name":"wp","href":"https:\/\/api.w.org\/{rel}","templated":true}]}}