{"id":865,"date":"2025-09-09T10:26:29","date_gmt":"2025-09-09T10:26:29","guid":{"rendered":"https:\/\/gegfm.com\/1\/?p=865"},"modified":"2025-09-09T10:26:29","modified_gmt":"2025-09-09T10:26:29","slug":"instrumenti-i-fshehur-nga-nazistet-violina-e-ajnshtajnit-ne-ankand-per-345-mije-euro","status":"publish","type":"post","link":"https:\/\/gegfm.com\/1\/instrumenti-i-fshehur-nga-nazistet-violina-e-ajnshtajnit-ne-ankand-per-345-mije-euro\/","title":{"rendered":"Instrumenti i fshehur nga nazist\u00ebt: violina e Ajnshtajnit n\u00eb ankand p\u00ebr 345 mij\u00eb euro"},"content":{"rendered":"\n<p>Nj\u00eb violin\u00eb e rrall\u00eb, dikur n\u00eb duart e Albert Ajnshtajnit, pritet t\u00eb dal\u00eb n\u00eb ankand n\u00eb Mbret\u00ebrin\u00eb e Bashkuar me \u00e7mim fillestar 300 mij\u00eb paund. E bler\u00eb n\u00eb Mynih n\u00eb fund t\u00eb shekullit XIX, ajo e shoq\u00ebroi gjeniun si adoleshent dhe si studiues, n\u00eb koh\u00ebn kur lindnin idet\u00eb e teoris\u00eb s\u00eb relativitetit.<\/p>\n\n\n\n<p>Instrumenti mbeti i paprekur nga koha, me t\u00eb gjitha pjes\u00ebt origjinale, dhe p\u00ebr dekada u ruajt i fshehur p\u00ebr t\u2019i shp\u00ebtuar persekutimit nazist. Sot, ai rikthehet si d\u00ebshmi e nj\u00eb lidhjeje t\u00eb ve\u00e7ant\u00eb mes shkenc\u00ebs dhe muzik\u00ebs, pasionit t\u00eb madh t\u00eb Ajnshtajnit.<\/p>\n\n\n\n<p>N\u00eb ankand do t\u00eb shiten gjithashtu sedilja e bi\u00e7iklet\u00ebs s\u00eb tij dhe nj\u00eb lib\u00ebr filozofie i n\u00ebnshkruar dy her\u00eb nga dora e fizikanit, duke ofruar nj\u00eb dritare intime n\u00eb jet\u00ebn e nj\u00eb njeriu q\u00eb besonte se, po t\u00eb mos ishte b\u00ebr\u00eb shkenc\u00ebtar, do t\u00eb ishte b\u00ebr\u00eb muzikant.<\/p>\n","protected":false},"excerpt":{"rendered":"<p>Nj\u00eb violin\u00eb e rrall\u00eb, dikur n\u00eb duart e Albert Ajnshtajnit, pritet t\u00eb dal\u00eb n\u00eb ankand n\u00eb Mbret\u00ebrin\u00eb e Bashkuar me \u00e7mim fillestar 300 mij\u00eb paund. E bler\u00eb n\u00eb Mynih n\u00eb fund t\u00eb shekullit XIX, ajo e shoq\u00ebroi gjeniun si adoleshent dhe si studiues, n\u00eb koh\u00ebn kur lindnin idet\u00eb e teoris\u00eb s\u00eb relativitetit. Instrumenti mbeti i [&hellip;]<\/p>\n","protected":false},"author":2,"featured_media":866,"comment_status":"closed","ping_status":"open","sticky":false,"template":"","format":"standard","meta":{"footnotes":""},"categories":[27,6],"tags":[],"class_list":["post-865","post","type-post","status-publish","format-standard","has-post-thumbnail","hentry","category-pak-per-boten","category-pak-per-kulturen","entry daho-fn-article"],"_links":{"self":[{"href":"https:\/\/gegfm.com\/1\/wp-json\/wp\/v2\/posts\/865","targetHints":{"allow":["GET"]}}],"collection":[{"href":"https:\/\/gegfm.com\/1\/wp-json\/wp\/v2\/posts"}],"about":[{"href":"https:\/\/gegfm.com\/1\/wp-json\/wp\/v2\/types\/post"}],"author":[{"embeddable":true,"href":"https:\/\/gegfm.com\/1\/wp-json\/wp\/v2\/users\/2"}],"replies":[{"embeddable":true,"href":"https:\/\/gegfm.com\/1\/wp-json\/wp\/v2\/comments?post=865"}],"version-history":[{"count":1,"href":"https:\/\/gegfm.com\/1\/wp-json\/wp\/v2\/posts\/865\/revisions"}],"predecessor-version":[{"id":867,"href":"https:\/\/gegfm.com\/1\/wp-json\/wp\/v2\/posts\/865\/revisions\/867"}],"wp:featuredmedia":[{"embeddable":true,"href":"https:\/\/gegfm.com\/1\/wp-json\/wp\/v2\/media\/866"}],"wp:attachment":[{"href":"https:\/\/gegfm.com\/1\/wp-json\/wp\/v2\/media?parent=865"}],"wp:term":[{"taxonomy":"category","embeddable":true,"href":"https:\/\/gegfm.com\/1\/wp-json\/wp\/v2\/categories?post=865"},{"taxonomy":"post_tag","embeddable":true,"href":"https:\/\/gegfm.com\/1\/wp-json\/wp\/v2\/tags?post=865"}],"curies":[{"name":"wp","href":"https:\/\/api.w.org\/{rel}","templated":true}]}}