{"id":809,"date":"2025-09-08T13:28:37","date_gmt":"2025-09-08T13:28:37","guid":{"rendered":"https:\/\/gegfm.com\/1\/?p=809"},"modified":"2025-09-09T10:15:07","modified_gmt":"2025-09-09T10:15:07","slug":"edicioni-i-8-te-i-festivalit-nderkombetar-rising-stars-ne-gjilan-po-afrohet-dy-nete-magjike-me-talente-nga-vendi-dhe-bota","status":"publish","type":"post","link":"https:\/\/gegfm.com\/1\/edicioni-i-8-te-i-festivalit-nderkombetar-rising-stars-ne-gjilan-po-afrohet-dy-nete-magjike-me-talente-nga-vendi-dhe-bota\/","title":{"rendered":"Edicioni i 8-t\u00eb i Festivalit Nd\u00ebrkomb\u00ebtar \u2018Rising Stars\u2019 n\u00eb Gjilan po afrohet: Dy net\u00eb magjike me talente nga vendi dhe bota"},"content":{"rendered":"\n<p>Festivali nd\u00ebrkomb\u00ebtar i talenteve t\u00eb rinj <strong>\u201cRising Stars\u201d<\/strong> kthehet p\u00ebr edicionin e tij t\u00eb 8-t\u00eb, duke sjell\u00eb n\u00eb Kosov\u00eb artist\u00eb nga vendi, rajoni dhe vende t\u00eb ndryshme t\u00eb bot\u00ebs. Ngjarja do t\u00eb zhvillohet m\u00eb <strong>26 dhe 27 shtator<\/strong>, duke ofruar dy net\u00eb t\u00eb mbushura me muzik\u00eb, emocione dhe shfaqje artistike p\u00ebr t\u00eb gjith\u00eb publikun.<\/p>\n\n\n\n<p><strong>Dy dit\u00ebt kryesore t\u00eb festivalit<\/strong><\/p>\n\n\n\n<ul class=\"wp-block-list\">\n<li><strong>26 shtator 2025, ora 15:00 \u2013 21:00<\/strong> \u2013 <em>Nata e Par\u00eb<\/em> n\u00eb <strong>Vali Ranch<\/strong>, me performancat e t\u00eb gjitha kategorive t\u00eb mosh\u00ebs (XS: -12 vje\u00e7, S: 13\u201315 vje\u00e7, M: 16\u201319 vje\u00e7 dhe L: 20+).<\/li>\n\n\n\n<li><strong>27 shtator 2025, ora 19:00 \u2013 22:00<\/strong> \u2013 <em>Nata Finale<\/em> n\u00eb <strong>Teatrin e Qytetit Gjilan<\/strong>, ku do t\u00eb zhvillohet gara finale dhe ndarja e \u00e7mimeve.<\/li>\n<\/ul>\n\n\n\n<p><strong>Kategorit\u00eb dhe \u00e7mimet<\/strong><\/p>\n\n\n\n<p>Secila kategori do t\u00eb ket\u00eb vendin e par\u00eb, t\u00eb dyt\u00eb dhe t\u00eb tret\u00eb. Pjes\u00ebmarr\u00ebsit kan\u00eb mund\u00ebsin\u00eb t\u00eb fitojn\u00eb:<\/p>\n\n\n\n<ul class=\"wp-block-list\">\n<li><strong>Grand Prix Junior<\/strong> \u2013 p\u00ebrfaq\u00ebsim shtet\u00ebror falas n\u00eb nj\u00eb festival nd\u00ebrkomb\u00ebtar n\u00eb Letoni, me pjes\u00ebmarrjen e drejtoresha e festivalit, <strong>Arta Haziri-Nuhiu<\/strong>, si an\u00ebtare jurie.<\/li>\n\n\n\n<li><strong>Grand Prix<\/strong> \u2013 shp\u00ebrblim prej <strong>1000 \u20ac<\/strong>, si dhe ftesa p\u00ebr festivale nd\u00ebrkomb\u00ebtare.<\/li>\n\n\n\n<li><strong>\u00c7mime speciale<\/strong> \u2013 p\u00ebr t\u00eb gjith\u00eb pjes\u00ebmarr\u00ebsit, duke nxitur rrug\u00ebtimin e tyre artistik.<\/li>\n<\/ul>\n\n\n\n<p><strong>Juria nd\u00ebrkomb\u00ebtare<\/strong><\/p>\n\n\n\n<p>Festivali sjell nj\u00eb jurie prestigjioze:<\/p>\n\n\n\n<ul class=\"wp-block-list\">\n<li><strong>Korab Shaqiri<\/strong> \u2013 kantautor shqiptar dhe producent.<\/li>\n\n\n\n<li><strong>Ersin Parlak<\/strong> \u2013 producent dhe menaxher turnesh me p\u00ebrvoj\u00eb nd\u00ebrkomb\u00ebtare, ka punuar me artist\u00eb si Andrea Bocelli dhe Jessie J.<\/li>\n\n\n\n<li><strong>Marcello Battaglia<\/strong> \u2013 pianist dhe pedagogu italian, President i Akademis\u00eb \u201cMusicando con Adina Sima\u201d dhe drejtor i festivalit \u201cGolden Tulip\u201d.<\/li>\n\n\n\n<li><strong>Elena Savtsuk<\/strong> \u2013 trajnere vokale dhe drejtoresh\u00eb e festivalit nd\u00ebrkomb\u00ebtar <em>Tallinn Voice<\/em>.<\/li>\n\n\n\n<li><strong>Eugenia Ursu<\/strong> \u2013 producent festivalesh nd\u00ebrkomb\u00ebtare nga Moldavia dhe Ambasador e Paqes.<\/li>\n\n\n\n<li><strong>Albana Tushe \u00c7uro<\/strong> \u2013 drejtoresh\u00eb e \u201cSupreme International Voice Festival\u201d n\u00eb Vlor\u00eb, me mbi 35 vite karrier\u00eb n\u00eb edukimin artistik.<\/li>\n\n\n\n<li><strong>Evelina Batey<\/strong> \u2013 themeluese dhe drejtoresh\u00eb e \u201cGolden Voice Malta International Contest\u201d dhe e Festivalit Nd\u00ebrkomb\u00ebtar t\u00eb Pianos n\u00eb Valletta.<\/li>\n\n\n\n<li><strong>Olga Gurdil<\/strong> \u2013 producent i njohur nd\u00ebrkomb\u00ebtar dhe President i Festivalit Nd\u00ebrkomb\u00ebtar t\u00eb Muzik\u00ebs \u201cThe Ottoman Dream\u201d.<\/li>\n<\/ul>\n\n\n\n<p><strong>Aktivitetet e festivalit<\/strong><\/p>\n\n\n\n<p>P\u00ebrve\u00e7 performancave, festivali ofron:<\/p>\n\n\n\n<ul class=\"wp-block-list\">\n<li>Pun\u00ebtori dhe ligj\u00ebrata mbi gjimnastik\u00ebn vokale nga ekspert\u00eb nd\u00ebrkomb\u00ebtar\u00eb;<\/li>\n\n\n\n<li>Diskutime dhe sesione motivuese p\u00ebr artist\u00ebt e rinj;<\/li>\n\n\n\n<li>Defilim me flamuj dhe shk\u00ebmbim kulturash;<\/li>\n\n\n\n<li>Takime dhe networking mes talenteve, pedagog\u00ebve dhe producent\u00ebve;<\/li>\n\n\n\n<li>Atmosfer\u00eb arg\u00ebtuese me maskota dhe aktivitete p\u00ebr publikun.<\/li>\n<\/ul>\n\n\n\n<p><strong>\u201cRising Stars\u201d \u2013 m\u00eb shum\u00eb se nj\u00eb festival<\/strong><\/p>\n\n\n\n<p>Me p\u00ebrfshirjen e talenteve nga shum\u00eb vende t\u00eb bot\u00ebs, nj\u00eb jurie nd\u00ebrkomb\u00ebtare me p\u00ebrvoj\u00eb t\u00eb jasht\u00ebzakonshme dhe mund\u00ebsi t\u00eb shumta p\u00ebr afirmim nd\u00ebrkomb\u00ebtar, festivali <strong>\u201cRising Stars\u201d<\/strong> ka evoluar n\u00eb nj\u00eb platform\u00eb unike dhe t\u00eb r\u00ebnd\u00ebsishme p\u00ebr artist\u00ebt e rinj.<\/p>\n\n\n\n<p>Ai nuk \u00ebsht\u00eb vet\u00ebm nj\u00eb gar\u00eb muzikore, por nj\u00eb mund\u00ebsi p\u00ebr t\u00eb zhvilluar aft\u00ebsit\u00eb artistike, p\u00ebr t\u00eb krijuar lidhje profesionale dhe p\u00ebr t\u00eb marr\u00eb udh\u00ebzime t\u00eb drejtp\u00ebrdrejta nga pedagog\u00eb dhe producent\u00eb me renome nd\u00ebrkomb\u00ebtare.<\/p>\n\n\n\n<p>Pjes\u00ebmarrja n\u00eb festival ofron p\u00ebrvoj\u00eb n\u00eb sken\u00eb profesionale, ekspozim n\u00eb media, ftesa p\u00ebr festivale t\u00eb huaja dhe shk\u00ebmbim kulturash mes artist\u00ebve t\u00eb rinj nga Kosova, rajoni dhe Evropa.<\/p>\n\n\n\n<p>P\u00ebrve\u00e7 aspektit konkurrues, <strong>Rising Stars<\/strong> promovon bashk\u00ebpunimin, frym\u00ebzimin dhe rritjen personale, duke e kthyer \u00e7do pjes\u00ebmarr\u00ebs n\u00eb nj\u00eb ambasador t\u00eb artit t\u00eb past\u00ebr dhe t\u00eb energjis\u00eb kreative.<\/p>\n\n\n\n<p>N\u00eb thelb, festivali \u00ebsht\u00eb nj\u00eb udh\u00ebtim i jasht\u00ebzakonsh\u00ebm p\u00ebr talentet e rinj, ku arti, qejfi dhe mund\u00ebsit\u00eb nd\u00ebrkomb\u00ebtare bashkohen n\u00eb nj\u00eb eksperienc\u00eb t\u00eb paharrueshme.<\/p>\n\n\n\n<p><\/p>\n\n\n\n<blockquote class=\"instagram-media\" data-instgrm-captioned data-instgrm-permalink=\"https:\/\/www.instagram.com\/p\/DMNFBUDM9Ck\/?utm_source=ig_embed&amp;utm_campaign=loading\" data-instgrm-version=\"14\" style=\" background:#FFF; border:0; border-radius:3px; box-shadow:0 0 1px 0 rgba(0,0,0,0.5),0 1px 10px 0 rgba(0,0,0,0.15); margin: 1px; max-width:540px; min-width:326px; padding:0; width:99.375%; width:-webkit-calc(100% - 2px); width:calc(100% - 2px);\"><div style=\"padding:16px;\"> <a href=\"https:\/\/www.instagram.com\/p\/DMNFBUDM9Ck\/?utm_source=ig_embed&amp;utm_campaign=loading\" style=\" background:#FFFFFF; line-height:0; padding:0 0; text-align:center; text-decoration:none; width:100%;\" target=\"_blank\"> <div style=\" display: flex; flex-direction: row; align-items: center;\"> <div style=\"background-color: #F4F4F4; border-radius: 50%; flex-grow: 0; height: 40px; margin-right: 14px; width: 40px;\"><\/div> <div style=\"display: flex; flex-direction: column; flex-grow: 1; justify-content: center;\"> <div style=\" background-color: #F4F4F4; border-radius: 4px; flex-grow: 0; height: 14px; margin-bottom: 6px; width: 100px;\"><\/div> <div style=\" background-color: #F4F4F4; border-radius: 4px; flex-grow: 0; height: 14px; width: 60px;\"><\/div><\/div><\/div><div style=\"padding: 19% 0;\"><\/div> <div style=\"display:block; height:50px; margin:0 auto 12px; width:50px;\"><svg width=\"50px\" height=\"50px\" viewBox=\"0 0 60 60\" version=\"1.1\" xmlns=\"https:\/\/www.w3.org\/2000\/svg\" xmlns:xlink=\"https:\/\/www.w3.org\/1999\/xlink\"><g stroke=\"none\" stroke-width=\"1\" fill=\"none\" fill-rule=\"evenodd\"><g transform=\"translate(-511.000000, -20.000000)\" fill=\"#000000\"><g><path d=\"M556.869,30.41 C554.814,30.41 553.148,32.076 553.148,34.131 C553.148,36.186 554.814,37.852 556.869,37.852 C558.924,37.852 560.59,36.186 560.59,34.131 C560.59,32.076 558.924,30.41 556.869,30.41 M541,60.657 C535.114,60.657 530.342,55.887 530.342,50 C530.342,44.114 535.114,39.342 541,39.342 C546.887,39.342 551.658,44.114 551.658,50 C551.658,55.887 546.887,60.657 541,60.657 M541,33.886 C532.1,33.886 524.886,41.1 524.886,50 C524.886,58.899 532.1,66.113 541,66.113 C549.9,66.113 557.115,58.899 557.115,50 C557.115,41.1 549.9,33.886 541,33.886 M565.378,62.101 C565.244,65.022 564.756,66.606 564.346,67.663 C563.803,69.06 563.154,70.057 562.106,71.106 C561.058,72.155 560.06,72.803 558.662,73.347 C557.607,73.757 556.021,74.244 553.102,74.378 C549.944,74.521 548.997,74.552 541,74.552 C533.003,74.552 532.056,74.521 528.898,74.378 C525.979,74.244 524.393,73.757 523.338,73.347 C521.94,72.803 520.942,72.155 519.894,71.106 C518.846,70.057 518.197,69.06 517.654,67.663 C517.244,66.606 516.755,65.022 516.623,62.101 C516.479,58.943 516.448,57.996 516.448,50 C516.448,42.003 516.479,41.056 516.623,37.899 C516.755,34.978 517.244,33.391 517.654,32.338 C518.197,30.938 518.846,29.942 519.894,28.894 C520.942,27.846 521.94,27.196 523.338,26.654 C524.393,26.244 525.979,25.756 528.898,25.623 C532.057,25.479 533.004,25.448 541,25.448 C548.997,25.448 549.943,25.479 553.102,25.623 C556.021,25.756 557.607,26.244 558.662,26.654 C560.06,27.196 561.058,27.846 562.106,28.894 C563.154,29.942 563.803,30.938 564.346,32.338 C564.756,33.391 565.244,34.978 565.378,37.899 C565.522,41.056 565.552,42.003 565.552,50 C565.552,57.996 565.522,58.943 565.378,62.101 M570.82,37.631 C570.674,34.438 570.167,32.258 569.425,30.349 C568.659,28.377 567.633,26.702 565.965,25.035 C564.297,23.368 562.623,22.342 560.652,21.575 C558.743,20.834 556.562,20.326 553.369,20.18 C550.169,20.033 549.148,20 541,20 C532.853,20 531.831,20.033 528.631,20.18 C525.438,20.326 523.257,20.834 521.349,21.575 C519.376,22.342 517.703,23.368 516.035,25.035 C514.368,26.702 513.342,28.377 512.574,30.349 C511.834,32.258 511.326,34.438 511.181,37.631 C511.035,40.831 511,41.851 511,50 C511,58.147 511.035,59.17 511.181,62.369 C511.326,65.562 511.834,67.743 512.574,69.651 C513.342,71.625 514.368,73.296 516.035,74.965 C517.703,76.634 519.376,77.658 521.349,78.425 C523.257,79.167 525.438,79.673 528.631,79.82 C531.831,79.965 532.853,80.001 541,80.001 C549.148,80.001 550.169,79.965 553.369,79.82 C556.562,79.673 558.743,79.167 560.652,78.425 C562.623,77.658 564.297,76.634 565.965,74.965 C567.633,73.296 568.659,71.625 569.425,69.651 C570.167,67.743 570.674,65.562 570.82,62.369 C570.966,59.17 571,58.147 571,50 C571,41.851 570.966,40.831 570.82,37.631\"><\/path><\/g><\/g><\/g><\/svg><\/div><div style=\"padding-top: 8px;\"> <div style=\" color:#3897f0; font-family:Arial,sans-serif; font-size:14px; font-style:normal; font-weight:550; line-height:18px;\">View this post on Instagram<\/div><\/div><div style=\"padding: 12.5% 0;\"><\/div> <div style=\"display: flex; flex-direction: row; margin-bottom: 14px; align-items: center;\"><div> <div style=\"background-color: #F4F4F4; border-radius: 50%; height: 12.5px; width: 12.5px; transform: translateX(0px) translateY(7px);\"><\/div> <div style=\"background-color: #F4F4F4; height: 12.5px; transform: rotate(-45deg) translateX(3px) translateY(1px); width: 12.5px; flex-grow: 0; margin-right: 14px; margin-left: 2px;\"><\/div> <div style=\"background-color: #F4F4F4; border-radius: 50%; height: 12.5px; width: 12.5px; transform: translateX(9px) translateY(-18px);\"><\/div><\/div><div style=\"margin-left: 8px;\"> <div style=\" background-color: #F4F4F4; border-radius: 50%; flex-grow: 0; height: 20px; width: 20px;\"><\/div> <div style=\" width: 0; height: 0; border-top: 2px solid transparent; border-left: 6px solid #f4f4f4; border-bottom: 2px solid transparent; transform: translateX(16px) translateY(-4px) rotate(30deg)\"><\/div><\/div><div style=\"margin-left: auto;\"> <div style=\" width: 0px; border-top: 8px solid #F4F4F4; border-right: 8px solid transparent; transform: translateY(16px);\"><\/div> <div style=\" background-color: #F4F4F4; flex-grow: 0; height: 12px; width: 16px; transform: translateY(-4px);\"><\/div> <div style=\" width: 0; height: 0; border-top: 8px solid #F4F4F4; border-left: 8px solid transparent; transform: translateY(-4px) translateX(8px);\"><\/div><\/div><\/div> <div style=\"display: flex; flex-direction: column; flex-grow: 1; justify-content: center; margin-bottom: 24px;\"> <div style=\" background-color: #F4F4F4; border-radius: 4px; flex-grow: 0; height: 14px; margin-bottom: 6px; width: 224px;\"><\/div> <div style=\" background-color: #F4F4F4; border-radius: 4px; flex-grow: 0; height: 14px; width: 144px;\"><\/div><\/div><\/a><p style=\" color:#c9c8cd; font-family:Arial,sans-serif; font-size:14px; line-height:17px; margin-bottom:0; margin-top:8px; overflow:hidden; padding:8px 0 7px; text-align:center; text-overflow:ellipsis; white-space:nowrap;\"><a href=\"https:\/\/www.instagram.com\/p\/DMNFBUDM9Ck\/?utm_source=ig_embed&amp;utm_campaign=loading\" style=\" color:#c9c8cd; font-family:Arial,sans-serif; font-size:14px; font-style:normal; font-weight:normal; line-height:17px; text-decoration:none;\" target=\"_blank\">A post shared by Rising Stars Festival (@festivali_risingstars)<\/a><\/p><\/div><\/blockquote>\n<script async src=\"\/\/www.instagram.com\/embed.js\"><\/script>\n","protected":false},"excerpt":{"rendered":"<p>Festivali nd\u00ebrkomb\u00ebtar i talenteve t\u00eb rinj \u201cRising Stars\u201d kthehet p\u00ebr edicionin e tij t\u00eb 8-t\u00eb, duke sjell\u00eb n\u00eb Kosov\u00eb artist\u00eb nga vendi, rajoni dhe vende t\u00eb ndryshme t\u00eb bot\u00ebs. Ngjarja do t\u00eb zhvillohet m\u00eb 26 dhe 27 shtator, duke ofruar dy net\u00eb t\u00eb mbushura me muzik\u00eb, emocione dhe shfaqje artistike p\u00ebr t\u00eb gjith\u00eb publikun. Dy [&hellip;]<\/p>\n","protected":false},"author":2,"featured_media":533,"comment_status":"closed","ping_status":"open","sticky":false,"template":"","format":"standard","meta":{"footnotes":""},"categories":[26,4],"tags":[],"class_list":["post-809","post","type-post","status-publish","format-standard","has-post-thumbnail","hentry","category-pak-per-muziken","category-pak-per-vendin","entry daho-fn-article"],"_links":{"self":[{"href":"https:\/\/gegfm.com\/1\/wp-json\/wp\/v2\/posts\/809","targetHints":{"allow":["GET"]}}],"collection":[{"href":"https:\/\/gegfm.com\/1\/wp-json\/wp\/v2\/posts"}],"about":[{"href":"https:\/\/gegfm.com\/1\/wp-json\/wp\/v2\/types\/post"}],"author":[{"embeddable":true,"href":"https:\/\/gegfm.com\/1\/wp-json\/wp\/v2\/users\/2"}],"replies":[{"embeddable":true,"href":"https:\/\/gegfm.com\/1\/wp-json\/wp\/v2\/comments?post=809"}],"version-history":[{"count":1,"href":"https:\/\/gegfm.com\/1\/wp-json\/wp\/v2\/posts\/809\/revisions"}],"predecessor-version":[{"id":810,"href":"https:\/\/gegfm.com\/1\/wp-json\/wp\/v2\/posts\/809\/revisions\/810"}],"wp:featuredmedia":[{"embeddable":true,"href":"https:\/\/gegfm.com\/1\/wp-json\/wp\/v2\/media\/533"}],"wp:attachment":[{"href":"https:\/\/gegfm.com\/1\/wp-json\/wp\/v2\/media?parent=809"}],"wp:term":[{"taxonomy":"category","embeddable":true,"href":"https:\/\/gegfm.com\/1\/wp-json\/wp\/v2\/categories?post=809"},{"taxonomy":"post_tag","embeddable":true,"href":"https:\/\/gegfm.com\/1\/wp-json\/wp\/v2\/tags?post=809"}],"curies":[{"name":"wp","href":"https:\/\/api.w.org\/{rel}","templated":true}]}}