{"id":792,"date":"2025-09-08T11:48:44","date_gmt":"2025-09-08T11:48:44","guid":{"rendered":"https:\/\/gegfm.com\/1\/?p=792"},"modified":"2025-09-08T11:48:44","modified_gmt":"2025-09-08T11:48:44","slug":"fotografia-e-shqiptarit-qe-shpetoi-delen-nga-zjarri-ne-greqi-perfshire-nga-bbc-ne-listen-e-fotove-me-ikonike-te-2025-s","status":"publish","type":"post","link":"https:\/\/gegfm.com\/1\/fotografia-e-shqiptarit-qe-shpetoi-delen-nga-zjarri-ne-greqi-perfshire-nga-bbc-ne-listen-e-fotove-me-ikonike-te-2025-s\/","title":{"rendered":"Fotografia e Shqiptarit q\u00eb Shp\u00ebtoi Delen nga Zjarri n\u00eb Greqi, p\u00ebrfshir\u00eb nga BBC n\u00eb List\u00ebn e Fotove m\u00eb Ikonike t\u00eb 2025-s"},"content":{"rendered":"\n<p>Nj\u00eb fotografi e fuqishme q\u00eb kap nj\u00eb moment jasht\u00ebzakonisht human gjat\u00eb zjarr\u00ebve shkat\u00ebrrues n\u00eb Greqi \u00ebsht\u00eb p\u00ebrfshir\u00eb nga BBC n\u00eb list\u00ebn e 12 fotografive m\u00eb ikonike t\u00eb vitit 2025. Fotografia, e realizuar nga fotoreporteri i Reuters Thanassis Stavrakis, tregon nj\u00eb burr\u00eb shqiptar duke shp\u00ebtuar nj\u00eb dele nga flak\u00ebt n\u00eb rajonin e Patr\u00ebs, duke e mbajtur kafsh\u00ebn me vete nd\u00ebrsa l\u00ebviz me motor n\u00ebp\u00ebr tym dhe zjarr .<\/p>\n\n\n\n<p>Konteksti i Fotografis\u00eb<br>Zjarret masive q\u00eb godit\u00ebn rajonin e Ahais\u00eb n\u00eb Greqin\u00eb per\u00ebndimore n\u00eb gusht 2025 detyruan shum\u00eb banor\u00eb t\u00eb evakuojn\u00eb sht\u00ebpit\u00eb e tyre dhe rrezikuan jet\u00ebt e njer\u00ebzve dhe kafsh\u00ebve. N\u00eb mes t\u00eb k\u00ebsaj kaose, fotografia e burrit shqiptar duke shp\u00ebtuar de len duke e mbajtur at\u00eb n\u00eb motor u b\u00eb simbol i guximit dhe humanitetit .<\/p>\n\n\n\n<p>Komenti i BBC<br>BBC e p\u00ebrshkroi k\u00ebt\u00eb fotografi si nj\u00eb simbol t\u00eb thell\u00eb humanizmi, duke b\u00ebr\u00eb nj\u00eb paralele me p\u00ebrshkrimet e hershme t\u00eb &#8220;Bariut t\u00eb Mir\u00eb&#8221; n\u00eb artin e krishter\u00eb, ku Krishti p\u00ebrshkruhej duke mbajtur nj\u00eb kafsh\u00eb t\u00eb cenueshme mbi supe. BBC theksoi se ky motiv, qoft\u00eb n\u00eb afreske t\u00eb lashta apo n\u00eb fotografi moderne, p\u00ebrforcon natyr\u00ebn e p\u00ebrhershme mitike t\u00eb heroizmit .<\/p>\n\n\n\n<p>R\u00ebnd\u00ebsia Kulturore dhe Simbolike<br>Fotografia nuk \u00ebsht\u00eb thjesht nj\u00eb regjistrim i nj\u00eb akti heroic, por edhe nj\u00eb kujtes\u00eb e fuqishme p\u00ebr vendosm\u00ebrin\u00eb njer\u00ebzore n\u00eb koh\u00eb katastrofash. Ajo flet p\u00ebr lidhjen midis njer\u00ebzve dhe kafsh\u00ebve, dhe p\u00ebr vlerat universale t\u00eb shp\u00ebtimit dhe dhembshuris\u00eb. P\u00ebrve\u00e7 k\u00ebsaj, fotografia ka marr\u00eb nj\u00eb dimension shtes\u00eb p\u00ebr shqiptar\u00ebt, duke u sh\u00ebrbyer si burim krenarie dhe nj\u00eb shembull i kontributit pozitiv t\u00eb diaspor\u00ebs shqiptare n\u00eb sken\u00ebn nd\u00ebrkomb\u00ebtare .<\/p>\n\n\n\n<p>Reagimet e Publikut<br>Fotografia ka shkaktuar reagime t\u00eb shumta n\u00eb media sociale dhe platforma lajmesh, me shum\u00eb njer\u00ebz duke e lavd\u00ebruar vepr\u00ebn heroike t\u00eb burrit dhe duke e p\u00ebrshkruar at\u00eb si nj\u00eb simbol shprese n\u00eb koh\u00eb t\u00eb err\u00ebta. Disa kan\u00eb theksuar edhe r\u00ebnd\u00ebsin\u00eb e nd\u00ebrgjegj\u00ebsimit p\u00ebr mbrojtjen e kafsh\u00ebve gjat\u00eb katastrofave natyrore .<\/p>\n\n\n\n<p>P\u00ebrfundim<br>P\u00ebrfshirja e k\u00ebsaj fotografie n\u00eb list\u00ebn e BBC-s\u00eb jo vet\u00ebm q\u00eb nj\u00ebhon r\u00ebnd\u00ebsin\u00eb e saj artistike dhe emocionale, por edhe nxjerr n\u00eb pah fuqin\u00eb e imazheve vizuale p\u00ebr t\u00eb komunikuar mesazhe thell\u00ebsisht njer\u00ebzore. Kjo fotografi mbetet nj\u00eb d\u00ebshmi e q\u00ebndrueshme e heroizmit dhe humanitetit n\u00eb koh\u00eb t\u00eb v\u00ebshtira.<\/p>\n","protected":false},"excerpt":{"rendered":"<p>Nj\u00eb fotografi e fuqishme q\u00eb kap nj\u00eb moment jasht\u00ebzakonisht human gjat\u00eb zjarr\u00ebve shkat\u00ebrrues n\u00eb Greqi \u00ebsht\u00eb p\u00ebrfshir\u00eb nga BBC n\u00eb list\u00ebn e 12 fotografive m\u00eb ikonike t\u00eb vitit 2025. Fotografia, e realizuar nga fotoreporteri i Reuters Thanassis Stavrakis, tregon nj\u00eb burr\u00eb shqiptar duke shp\u00ebtuar nj\u00eb dele nga flak\u00ebt n\u00eb rajonin e Patr\u00ebs, duke e mbajtur [&hellip;]<\/p>\n","protected":false},"author":1,"featured_media":793,"comment_status":"closed","ping_status":"open","sticky":false,"template":"","format":"standard","meta":{"footnotes":""},"categories":[2,4],"tags":[],"class_list":["post-792","post","type-post","status-publish","format-standard","has-post-thumbnail","hentry","category-pak-per-shqiptaret","category-pak-per-vendin","entry daho-fn-article"],"_links":{"self":[{"href":"https:\/\/gegfm.com\/1\/wp-json\/wp\/v2\/posts\/792","targetHints":{"allow":["GET"]}}],"collection":[{"href":"https:\/\/gegfm.com\/1\/wp-json\/wp\/v2\/posts"}],"about":[{"href":"https:\/\/gegfm.com\/1\/wp-json\/wp\/v2\/types\/post"}],"author":[{"embeddable":true,"href":"https:\/\/gegfm.com\/1\/wp-json\/wp\/v2\/users\/1"}],"replies":[{"embeddable":true,"href":"https:\/\/gegfm.com\/1\/wp-json\/wp\/v2\/comments?post=792"}],"version-history":[{"count":1,"href":"https:\/\/gegfm.com\/1\/wp-json\/wp\/v2\/posts\/792\/revisions"}],"predecessor-version":[{"id":794,"href":"https:\/\/gegfm.com\/1\/wp-json\/wp\/v2\/posts\/792\/revisions\/794"}],"wp:featuredmedia":[{"embeddable":true,"href":"https:\/\/gegfm.com\/1\/wp-json\/wp\/v2\/media\/793"}],"wp:attachment":[{"href":"https:\/\/gegfm.com\/1\/wp-json\/wp\/v2\/media?parent=792"}],"wp:term":[{"taxonomy":"category","embeddable":true,"href":"https:\/\/gegfm.com\/1\/wp-json\/wp\/v2\/categories?post=792"},{"taxonomy":"post_tag","embeddable":true,"href":"https:\/\/gegfm.com\/1\/wp-json\/wp\/v2\/tags?post=792"}],"curies":[{"name":"wp","href":"https:\/\/api.w.org\/{rel}","templated":true}]}}