{"id":736,"date":"2025-09-08T08:38:00","date_gmt":"2025-09-08T08:38:00","guid":{"rendered":"https:\/\/gegfm.com\/1\/?p=736"},"modified":"2025-09-08T08:38:01","modified_gmt":"2025-09-08T08:38:01","slug":"ulet-shkalla-e-analfabetizmit-ne-kosove-mbetet-sfide-hendeku-gjinor","status":"publish","type":"post","link":"https:\/\/gegfm.com\/1\/ulet-shkalla-e-analfabetizmit-ne-kosove-mbetet-sfide-hendeku-gjinor\/","title":{"rendered":"Ulet shkalla e analfabetizmit n\u00eb Kosov\u00eb, mbetet sfid\u00eb hendeku gjinor"},"content":{"rendered":"\n<p>Shkalla e analfabetizmit n\u00eb Kosov\u00eb ka sh\u00ebnuar r\u00ebnie t\u00eb dukshme gjat\u00eb dekad\u00ebs s\u00eb fundit, sipas t\u00eb dh\u00ebnave t\u00eb Agjencis\u00eb s\u00eb Statistikave t\u00eb Kosov\u00ebs (ASK).<\/p>\n\n\n\n<p>N\u00eb vitin 2011, rreth <strong>50 mij\u00eb persona mbi mosh\u00ebn 10 vje\u00e7<\/strong> nuk dinin shkrim e lexim. Ky num\u00ebr ka zbritur n\u00eb <strong>31 mij\u00eb persona n\u00eb vitin 2024<\/strong>, duke treguar nj\u00eb p\u00ebrmir\u00ebsim t\u00eb duksh\u00ebm.<\/p>\n\n\n\n<p>N\u00eb p\u00ebrqindje, kjo p\u00ebrkthehet n\u00eb nj\u00eb ulje nga <strong>3,85% n\u00eb vitin 2011<\/strong> n\u00eb <strong>2,27% n\u00eb vitin 2024<\/strong>, \u00e7ka n\u00ebnkupton se sot rreth <strong>98% e popullsis\u00eb n\u00eb Kosov\u00eb zot\u00ebron aft\u00ebsi bazike t\u00eb shkrimit dhe leximit<\/strong>.<\/p>\n\n\n\n<p><strong>Hendeku gjinor<\/strong><\/p>\n\n\n\n<p>Pavar\u00ebsisht p\u00ebrparimit, analfabetizmi vazhdon t\u00eb prek\u00eb m\u00eb shum\u00eb grat\u00eb. N\u00eb vitin 2011, <strong>79,7% e analfabet\u00ebve ishin gra<\/strong>, nd\u00ebrsa n\u00eb vitin 2024 kjo p\u00ebrqindje ka r\u00ebn\u00eb n\u00eb <strong>73,58%<\/strong>. Edhe pse shifrat jan\u00eb p\u00ebrmir\u00ebsuar, p\u00ebrqindja e grave analfabete mbetet m\u00eb e lart\u00eb se n\u00eb shumic\u00ebn e vendeve t\u00eb tjera t\u00eb Ballkanit Per\u00ebndimor.<\/p>\n\n\n\n<p><strong>Krahasimi me rajonin<\/strong><\/p>\n\n\n\n<p>Kosova sh\u00ebnon nj\u00eb shkall\u00eb analfabetizmi m\u00eb t\u00eb ul\u00ebt se n\u00eb t\u00eb kaluar\u00ebn, por ende m\u00eb t\u00eb lart\u00eb se disa vende fqinje:<\/p>\n\n\n\n<ul class=\"wp-block-list\">\n<li><strong>Serbia:<\/strong> 0,63% (2022)<\/li>\n\n\n\n<li><strong>Mali i Zi:<\/strong> 1,01% (2021)<\/li>\n\n\n\n<li><strong>Maqedonia e Veriut:<\/strong> 1,23% (2021)<\/li>\n\n\n\n<li><strong>Shqip\u00ebria:<\/strong> 1,5% (2022)<\/li>\n\n\n\n<li><strong>Bosnje dhe Hercegovina:<\/strong> 2,82% (2013)<\/li>\n\n\n\n<li><strong>Kosova:<\/strong> 2,27% (2024)<\/li>\n<\/ul>\n\n\n\n<p>Nga k\u00ebto t\u00eb dh\u00ebna, vet\u00ebm Bosnja dhe Hercegovina ka shkall\u00eb m\u00eb t\u00eb lart\u00eb t\u00eb analfabetizmit se Kosova.<\/p>\n\n\n\n<p><strong>Ekspert\u00ebt: nevojiten programe t\u00eb reja<\/strong><\/p>\n\n\n\n<p>Sipas ekspert\u00ebve, kjo r\u00ebnie \u00ebsht\u00eb rezultat i <strong>politikave arsimore<\/strong> dhe i <strong>rritjes s\u00eb qasjes n\u00eb shkollim p\u00ebr grupet e margjinalizuara<\/strong>. Megjithat\u00eb, ata theksojn\u00eb se ka ende nevoj\u00eb p\u00ebr <strong>programe t\u00eb synuara<\/strong>, sidomos p\u00ebr grat\u00eb dhe p\u00ebr gjeneratat m\u00eb t\u00eb vjetra, q\u00eb mbeten m\u00eb t\u00eb prekura nga analfabetizmi.<\/p>\n\n\n\n<p><strong>Burimi i t\u00eb dh\u00ebnave:<\/strong> ASK, Zyra e Statistikave e Serbis\u00eb, Zyra e Statistikave t\u00eb Maqedonis\u00eb s\u00eb Veriut, UNICEF, Banka Bot\u00ebrore.<\/p>\n","protected":false},"excerpt":{"rendered":"<p>Shkalla e analfabetizmit n\u00eb Kosov\u00eb ka sh\u00ebnuar r\u00ebnie t\u00eb dukshme gjat\u00eb dekad\u00ebs s\u00eb fundit, sipas t\u00eb dh\u00ebnave t\u00eb Agjencis\u00eb s\u00eb Statistikave t\u00eb Kosov\u00ebs (ASK). N\u00eb vitin 2011, rreth 50 mij\u00eb persona mbi mosh\u00ebn 10 vje\u00e7 nuk dinin shkrim e lexim. Ky num\u00ebr ka zbritur n\u00eb 31 mij\u00eb persona n\u00eb vitin 2024, duke treguar nj\u00eb p\u00ebrmir\u00ebsim [&hellip;]<\/p>\n","protected":false},"author":2,"featured_media":737,"comment_status":"closed","ping_status":"open","sticky":false,"template":"","format":"standard","meta":{"footnotes":""},"categories":[2,4],"tags":[],"class_list":["post-736","post","type-post","status-publish","format-standard","has-post-thumbnail","hentry","category-pak-per-shqiptaret","category-pak-per-vendin","entry daho-fn-article"],"_links":{"self":[{"href":"https:\/\/gegfm.com\/1\/wp-json\/wp\/v2\/posts\/736","targetHints":{"allow":["GET"]}}],"collection":[{"href":"https:\/\/gegfm.com\/1\/wp-json\/wp\/v2\/posts"}],"about":[{"href":"https:\/\/gegfm.com\/1\/wp-json\/wp\/v2\/types\/post"}],"author":[{"embeddable":true,"href":"https:\/\/gegfm.com\/1\/wp-json\/wp\/v2\/users\/2"}],"replies":[{"embeddable":true,"href":"https:\/\/gegfm.com\/1\/wp-json\/wp\/v2\/comments?post=736"}],"version-history":[{"count":1,"href":"https:\/\/gegfm.com\/1\/wp-json\/wp\/v2\/posts\/736\/revisions"}],"predecessor-version":[{"id":738,"href":"https:\/\/gegfm.com\/1\/wp-json\/wp\/v2\/posts\/736\/revisions\/738"}],"wp:featuredmedia":[{"embeddable":true,"href":"https:\/\/gegfm.com\/1\/wp-json\/wp\/v2\/media\/737"}],"wp:attachment":[{"href":"https:\/\/gegfm.com\/1\/wp-json\/wp\/v2\/media?parent=736"}],"wp:term":[{"taxonomy":"category","embeddable":true,"href":"https:\/\/gegfm.com\/1\/wp-json\/wp\/v2\/categories?post=736"},{"taxonomy":"post_tag","embeddable":true,"href":"https:\/\/gegfm.com\/1\/wp-json\/wp\/v2\/tags?post=736"}],"curies":[{"name":"wp","href":"https:\/\/api.w.org\/{rel}","templated":true}]}}