{"id":594,"date":"2025-09-04T11:21:11","date_gmt":"2025-09-04T11:21:11","guid":{"rendered":"https:\/\/gegfm.com\/1\/?p=594"},"modified":"2025-09-04T11:56:59","modified_gmt":"2025-09-04T11:56:59","slug":"hardh-fest-rikthehet-ne-rahovec-me-tre-dite-festimesh-rrush-raki-dhe-vere","status":"publish","type":"post","link":"https:\/\/gegfm.com\/1\/hardh-fest-rikthehet-ne-rahovec-me-tre-dite-festimesh-rrush-raki-dhe-vere\/","title":{"rendered":"Hardh Fest rikthehet n\u00eb Rahovec me tre dit\u00eb festimesh, rrush, raki dhe ver\u00eb"},"content":{"rendered":"\n<p>Nga data 5 deri m\u00eb 7 shtator n\u00eb Rahovec do t\u00eb mbahet edicioni i radh\u00ebs i festivalit Hardh Fest, n\u00ebn moton \u201cP\u00ebr kok\u00ebrr t\u2019qefit!\u201d. Festivali do t\u00eb sjell\u00eb mij\u00ebra vizitor\u00eb vendas dhe t\u00eb huaj, duke ofruar tri dit\u00eb plot aktivitete kulturore, arg\u00ebtuese dhe gastronomike me fokus te rrushi, rakia dhe vera.<\/p>\n\n\n\n<p>Programi do t\u00eb p\u00ebrfshij\u00eb prerjen e kalaveshit t\u00eb rrushit, gara n\u00eb vjeljen dhe shtrydhjen e rrushit, demonstrime t\u00eb pjekjes s\u00eb rakis\u00eb, si dhe loj\u00ebra tradicionale q\u00eb promovojn\u00eb kultur\u00ebn vendase. Gjithashtu do t\u00eb prezantohen edhe mekanizmat bujq\u00ebsor\u00eb q\u00eb p\u00ebrdorin fermer\u00ebt e zon\u00ebs.<\/p>\n\n\n\n<p>Kryetari i komun\u00ebs s\u00eb Rahovecit, Smajl Latifi, theksoi se festivali ka ndikim t\u00eb madh ekonomik e kulturor, duke gjeneruar mbi 6 milion\u00eb euro fitime n\u00eb komun\u00eb, nd\u00ebrkoh\u00eb q\u00eb buxheti investues vjetor i komun\u00ebs \u00ebsht\u00eb rreth 5 milion\u00eb euro. P\u00ebr k\u00ebt\u00eb edicion, komuna ka mb\u00ebshtetur festivalin me 70,000 euro.<\/p>\n\n\n\n<p>N\u00eb nat\u00ebn p\u00ebrmbyll\u00ebse, m\u00eb 7 shtator, do t\u00eb performoj\u00eb edhe artisti estonez Tommy Cash, i njohur p\u00ebr pjes\u00ebmarrjen e tij n\u00eb Eurovision, ku k\u00ebt\u00eb vit me k\u00ebng\u00ebn \u201cEspresso Macchiato\u201d arriti vendin e tret\u00eb.<\/p>\n\n\n\n<p><\/p>\n","protected":false},"excerpt":{"rendered":"<p>Nga data 5 deri m\u00eb 7 shtator n\u00eb Rahovec do t\u00eb mbahet edicioni i radh\u00ebs i festivalit Hardh Fest, n\u00ebn moton \u201cP\u00ebr kok\u00ebrr t\u2019qefit!\u201d. Festivali do t\u00eb sjell\u00eb mij\u00ebra vizitor\u00eb vendas dhe t\u00eb huaj, duke ofruar tri dit\u00eb plot aktivitete kulturore, arg\u00ebtuese dhe gastronomike me fokus te rrushi, rakia dhe vera. Programi do t\u00eb p\u00ebrfshij\u00eb [&hellip;]<\/p>\n","protected":false},"author":1,"featured_media":595,"comment_status":"closed","ping_status":"open","sticky":false,"template":"","format":"standard","meta":{"footnotes":""},"categories":[6],"tags":[],"class_list":["post-594","post","type-post","status-publish","format-standard","has-post-thumbnail","hentry","category-pak-per-kulturen","entry daho-fn-article"],"_links":{"self":[{"href":"https:\/\/gegfm.com\/1\/wp-json\/wp\/v2\/posts\/594","targetHints":{"allow":["GET"]}}],"collection":[{"href":"https:\/\/gegfm.com\/1\/wp-json\/wp\/v2\/posts"}],"about":[{"href":"https:\/\/gegfm.com\/1\/wp-json\/wp\/v2\/types\/post"}],"author":[{"embeddable":true,"href":"https:\/\/gegfm.com\/1\/wp-json\/wp\/v2\/users\/1"}],"replies":[{"embeddable":true,"href":"https:\/\/gegfm.com\/1\/wp-json\/wp\/v2\/comments?post=594"}],"version-history":[{"count":3,"href":"https:\/\/gegfm.com\/1\/wp-json\/wp\/v2\/posts\/594\/revisions"}],"predecessor-version":[{"id":609,"href":"https:\/\/gegfm.com\/1\/wp-json\/wp\/v2\/posts\/594\/revisions\/609"}],"wp:featuredmedia":[{"embeddable":true,"href":"https:\/\/gegfm.com\/1\/wp-json\/wp\/v2\/media\/595"}],"wp:attachment":[{"href":"https:\/\/gegfm.com\/1\/wp-json\/wp\/v2\/media?parent=594"}],"wp:term":[{"taxonomy":"category","embeddable":true,"href":"https:\/\/gegfm.com\/1\/wp-json\/wp\/v2\/categories?post=594"},{"taxonomy":"post_tag","embeddable":true,"href":"https:\/\/gegfm.com\/1\/wp-json\/wp\/v2\/tags?post=594"}],"curies":[{"name":"wp","href":"https:\/\/api.w.org\/{rel}","templated":true}]}}