{"id":5421,"date":"2026-04-25T12:20:35","date_gmt":"2026-04-25T10:20:35","guid":{"rendered":"https:\/\/gegfm.com\/1\/?p=5421"},"modified":"2026-04-25T12:20:35","modified_gmt":"2026-04-25T10:20:35","slug":"amc-hall-15-maj-marcel-dettmann-sjell-nje-nate-te-madhe-techno-ne-prishtine","status":"publish","type":"post","link":"https:\/\/gegfm.com\/1\/amc-hall-15-maj-marcel-dettmann-sjell-nje-nate-te-madhe-techno-ne-prishtine\/","title":{"rendered":"AMC Hall, 15 maj: Marcel Dettmann sjell nj\u00eb nat\u00eb t\u00eb madhe techno n\u00eb Prishtin\u00eb"},"content":{"rendered":"\n<p>M\u00eb <strong>15 maj<\/strong>, Prishtina hyn n\u00eb nj\u00eb tjet\u00ebr rit\u00ebm. N\u00eb <strong>AMC Hall<\/strong>, nj\u00eb nga hap\u00ebsirat m\u00eb t\u00eb m\u00ebdha t\u00eb eventeve n\u00eb kryeqytet, pritet t\u00eb zhvillohet nj\u00eb nat\u00eb q\u00eb bashkon <strong>energjin\u00eb e muzik\u00ebs elektronike<\/strong>, emra t\u00eb m\u00ebdhenj nd\u00ebrkomb\u00ebtar\u00eb dhe sken\u00ebn lokale n\u00eb nj\u00eb p\u00ebrjetim t\u00eb vet\u00ebm.<\/p>\n\n\n\n<p>N\u00eb qend\u00ebr t\u00eb k\u00ebsaj nate q\u00ebndron <strong>Marcel Dettmann<\/strong>, nj\u00eb nga figurat m\u00eb t\u00eb r\u00ebnd\u00ebsishme t\u00eb <strong>techno-s evropiane<\/strong> dhe em\u00ebr i lidhur ngusht\u00eb me klubin legjendar <strong>Berghain<\/strong> n\u00eb Berlin. <\/p>\n\n\n\n<p>Q\u00eb nga fillimi i viteve 2000, ai ka nd\u00ebrtuar nj\u00eb stil unik me <strong>tinguj minimalist\u00eb<\/strong>, <strong>ritme industriale t\u00eb thella<\/strong> dhe nj\u00eb atmosfer\u00eb <strong>hipnotike<\/strong>, duke u b\u00ebr\u00eb nj\u00eb nga DJ-t\u00eb m\u00eb t\u00eb respektuar n\u00eb bot\u00eb. P\u00ebrve\u00e7 performancave, ai ka l\u00ebn\u00eb gjurm\u00eb edhe si producent, me publikime n\u00eb label-e si <strong>Ostgut Ton<\/strong> dhe <strong>Tresor Records<\/strong>, duke ndikuar drejtp\u00ebrdrejt n\u00eb zhvillimin e techno-s moderne.<\/p>\n\n\n\n<p>N\u00eb t\u00eb nj\u00ebjt\u00ebn nat\u00eb, skena do t\u00eb marr\u00eb nj\u00eb tjet\u00ebr dimension me <strong>Elli Acula<\/strong>, nj\u00eb nga emrat m\u00eb n\u00eb rritje t\u00eb sken\u00ebs evropiane. Me setet e saj <strong>energjetike dhe dinamike<\/strong>, ajo nd\u00ebrthur <strong>techno klasike<\/strong>, <strong>trance<\/strong> dhe groove industrial, duke krijuar nj\u00eb atmosfer\u00eb q\u00eb e mban publikun n\u00eb l\u00ebvizje nga fillimi deri n\u00eb fund. Performancat e saj n\u00eb festivale dhe klube t\u00eb m\u00ebdha n\u00eb Evrop\u00eb e kan\u00eb shnd\u00ebrruar n\u00eb nj\u00eb nga artistet m\u00eb t\u00eb k\u00ebrkuara t\u00eb momentit.<\/p>\n\n\n\n<p>Krahas emrave nd\u00ebrkomb\u00ebtar\u00eb, nata pasurohet edhe nga <strong>skena rajonale<\/strong>, duke krijuar nj\u00eb lidhje t\u00eb fort\u00eb mes globit dhe komunitetit lokal.<\/p>\n\n\n\n<p><strong>George Adi<\/strong>, i njohur p\u00ebr setet q\u00eb l\u00ebvizin mes <strong>techno-s dhe house-it underground<\/strong>, sjell nj\u00eb rrjedh\u00eb muzikore q\u00eb nd\u00ebrton gradualisht energjin\u00eb e pist\u00ebs. Nd\u00ebrsa <strong>Uran B<\/strong>, nj\u00eb nga emrat e njohur t\u00eb sken\u00ebs lokale, vjen me nj\u00eb stil t\u00eb fokusuar te <strong>groove-et e thella<\/strong> dhe <strong>ritmet industriale<\/strong>, duke i dh\u00ebn\u00eb nat\u00ebs nj\u00eb identitet autentik kosovar.<\/p>\n\n\n\n<p>Kjo nuk \u00ebsht\u00eb vet\u00ebm nj\u00eb mbr\u00ebmje muzike. \u00cbsht\u00eb nj\u00eb <strong>takim i skenave<\/strong>, nj\u00eb hap\u00ebsir\u00eb ku <strong>tingulli i Berlinit<\/strong>, <strong>energia evropiane<\/strong> dhe <strong>talenti rajonal<\/strong> bashkohen n\u00eb nj\u00eb pist\u00eb t\u00eb vetme vall\u00ebzimi.<\/p>\n\n\n\n<p><strong>AMC Hall<\/strong> pritet t\u00eb mbushet me publik nga e gjith\u00eb Kosova dhe rajoni, duke e kthyer k\u00ebt\u00eb event n\u00eb nj\u00eb nga momentet m\u00eb t\u00eb r\u00ebnd\u00ebsishme t\u00eb <strong>kalendarit elektronik t\u00eb k\u00ebtij viti n\u00eb Prishtin\u00eb<\/strong>.<\/p>\n\n\n\n<p>\ud83d\udc49 <strong>Biletat<\/strong> mund t\u2019i gjeni n\u00eb: <strong><a href=\"http:\/\/www.rave-travel\">www.rave-travel<\/a><\/strong><\/p>\n","protected":false},"excerpt":{"rendered":"<p>M\u00eb 15 maj, Prishtina hyn n\u00eb nj\u00eb tjet\u00ebr rit\u00ebm. N\u00eb AMC Hall, nj\u00eb nga hap\u00ebsirat m\u00eb t\u00eb m\u00ebdha t\u00eb eventeve n\u00eb kryeqytet, pritet t\u00eb zhvillohet nj\u00eb nat\u00eb q\u00eb bashkon energjin\u00eb e muzik\u00ebs elektronike, emra t\u00eb m\u00ebdhenj nd\u00ebrkomb\u00ebtar\u00eb dhe sken\u00ebn lokale n\u00eb nj\u00eb p\u00ebrjetim t\u00eb vet\u00ebm. N\u00eb qend\u00ebr t\u00eb k\u00ebsaj nate q\u00ebndron Marcel Dettmann, nj\u00eb nga [&hellip;]<\/p>\n","protected":false},"author":2,"featured_media":5422,"comment_status":"closed","ping_status":"open","sticky":false,"template":"","format":"standard","meta":{"footnotes":""},"categories":[4],"tags":[],"class_list":["post-5421","post","type-post","status-publish","format-standard","has-post-thumbnail","hentry","category-pak-per-vendin","entry daho-fn-article"],"_links":{"self":[{"href":"https:\/\/gegfm.com\/1\/wp-json\/wp\/v2\/posts\/5421","targetHints":{"allow":["GET"]}}],"collection":[{"href":"https:\/\/gegfm.com\/1\/wp-json\/wp\/v2\/posts"}],"about":[{"href":"https:\/\/gegfm.com\/1\/wp-json\/wp\/v2\/types\/post"}],"author":[{"embeddable":true,"href":"https:\/\/gegfm.com\/1\/wp-json\/wp\/v2\/users\/2"}],"replies":[{"embeddable":true,"href":"https:\/\/gegfm.com\/1\/wp-json\/wp\/v2\/comments?post=5421"}],"version-history":[{"count":1,"href":"https:\/\/gegfm.com\/1\/wp-json\/wp\/v2\/posts\/5421\/revisions"}],"predecessor-version":[{"id":5423,"href":"https:\/\/gegfm.com\/1\/wp-json\/wp\/v2\/posts\/5421\/revisions\/5423"}],"wp:featuredmedia":[{"embeddable":true,"href":"https:\/\/gegfm.com\/1\/wp-json\/wp\/v2\/media\/5422"}],"wp:attachment":[{"href":"https:\/\/gegfm.com\/1\/wp-json\/wp\/v2\/media?parent=5421"}],"wp:term":[{"taxonomy":"category","embeddable":true,"href":"https:\/\/gegfm.com\/1\/wp-json\/wp\/v2\/categories?post=5421"},{"taxonomy":"post_tag","embeddable":true,"href":"https:\/\/gegfm.com\/1\/wp-json\/wp\/v2\/tags?post=5421"}],"curies":[{"name":"wp","href":"https:\/\/api.w.org\/{rel}","templated":true}]}}