{"id":5021,"date":"2026-03-05T12:33:30","date_gmt":"2026-03-05T10:33:30","guid":{"rendered":"https:\/\/gegfm.com\/1\/?p=5021"},"modified":"2026-03-05T12:33:31","modified_gmt":"2026-03-05T10:33:31","slug":"per-here-te-pare-kosova-ne-tallinn-voice-arta-haziri-nuhiu-pjese-e-jurise-se-festivalit-nderkombetar","status":"publish","type":"post","link":"https:\/\/gegfm.com\/1\/per-here-te-pare-kosova-ne-tallinn-voice-arta-haziri-nuhiu-pjese-e-jurise-se-festivalit-nderkombetar\/","title":{"rendered":"P\u00ebr her\u00eb t\u00eb par\u00eb Kosova n\u00eb \u201cTallinn Voice\u201d \u2013 Arta Haziri-Nuhiu pjes\u00eb e juris\u00eb s\u00eb festivalit nd\u00ebrkomb\u00ebtar"},"content":{"rendered":"\n<p><strong>P\u00ebr her\u00eb t\u00eb par\u00eb, <\/strong>Kosova do t\u00eb ket\u00eb nj\u00eb p\u00ebrfaq\u00ebsim zyrtar n\u00eb nj\u00eb nga festivalet nd\u00ebrkomb\u00ebtare t\u00eb muzik\u00ebs p\u00ebr talentet e reja n\u00eb Evrop\u00eb. <\/p>\n\n\n\n<p>N\u00eb edicionin e vitit 2026 t\u00eb festivalit <strong>\u201cTallinn Voice\u201d<\/strong>, q\u00eb do t\u00eb mbahet nga <strong>1 deri m\u00eb 3 maj n\u00eb Tallinn t\u00eb Estonis\u00eb<\/strong>, pjes\u00eb e panelit t\u00eb juris\u00eb do t\u00eb jet\u00eb edhe drejtoresha e Organizat\u00ebs Kulturore-Artistike \u201cMollekuqet\u201d, <strong>Arta Haziri-Nuhiu<\/strong>.<\/p>\n\n\n\n<p>Ky festival nd\u00ebrkomb\u00ebtar konsiderohet nj\u00eb nga platformat e r\u00ebnd\u00ebsishme p\u00ebr prezantimin e k\u00ebng\u00ebtar\u00ebve dhe artist\u00ebve t\u00eb rinj nga vende t\u00eb ndryshme t\u00eb bot\u00ebs. <strong>\u201cTallinn Voice\u201d<\/strong> organizohet \u00e7do vit n\u00eb kryeqytetin estonez dhe mbledh producent\u00eb, pedagog\u00eb muzike, profesionist\u00eb t\u00eb industris\u00eb dhe p\u00ebrfaq\u00ebsues t\u00eb institucioneve kulturore q\u00eb vler\u00ebsojn\u00eb performancat e talenteve t\u00eb rinj n\u00eb sken\u00ebn nd\u00ebrkomb\u00ebtare.<\/p>\n\n\n\n<p>Ftesa p\u00ebr <strong>Arta Haziri-Nuhiu<\/strong> q\u00eb t\u00eb jet\u00eb pjes\u00eb e panelit t\u00eb juris\u00eb vjen si nj\u00eb vler\u00ebsim p\u00ebr pun\u00ebn e saj shum\u00ebvje\u00e7are n\u00eb promovimin e artit dhe kultur\u00ebs shqiptare, ve\u00e7an\u00ebrisht p\u00ebrmes aktiviteteve dhe projekteve q\u00eb organizata \u201cMollekuqet\u201d ka zhvilluar p\u00ebr t\u00eb mb\u00ebshtetur artist\u00ebt e rinj.<\/p>\n\n\n\n<p>P\u00ebrve\u00e7 rolit n\u00eb juri, pjes\u00ebmarrja e delegacionit nga Kosova n\u00eb k\u00ebt\u00eb festival sh\u00ebnon edhe nj\u00eb hap t\u00eb r\u00ebnd\u00ebsish\u00ebm n\u00eb prezantimin e potencialit artistik t\u00eb vendit n\u00eb sken\u00ebn evropiane. P\u00ebr organizator\u00ebt dhe pjes\u00ebmarr\u00ebsit, festivale t\u00eb tilla jan\u00eb jo vet\u00ebm gara muzikore, por edhe hap\u00ebsira bashk\u00ebpunimi kulturor, shk\u00ebmbimi p\u00ebrvojash dhe krijimi lidhjesh t\u00eb reja n\u00eb industrin\u00eb e muzik\u00ebs.<\/p>\n\n\n\n<p>P\u00ebr organizat\u00ebn \u201cMollekuqet\u201d, ky moment konsiderohet nj\u00eb arritje e r\u00ebnd\u00ebsishme, q\u00eb forcon m\u00eb tej misionin e saj p\u00ebr t\u00eb promovuar talentet e reja dhe p\u00ebr ta b\u00ebr\u00eb artin shqiptar pjes\u00eb t\u00eb dialogut kulturor nd\u00ebrkomb\u00ebtar.<\/p>\n\n\n\n<figure class=\"wp-block-image size-full\"><img loading=\"lazy\" decoding=\"async\" width=\"420\" height=\"630\" src=\"https:\/\/gegfm.com\/1\/wp-content\/uploads\/2026\/03\/image-1-12.jpg\" alt=\"\" class=\"wp-image-5022\" srcset=\"https:\/\/gegfm.com\/1\/wp-content\/uploads\/2026\/03\/image-1-12.jpg 420w, https:\/\/gegfm.com\/1\/wp-content\/uploads\/2026\/03\/image-1-12-200x300.jpg 200w, https:\/\/gegfm.com\/1\/wp-content\/uploads\/2026\/03\/image-1-12-8x12.jpg 8w\" sizes=\"auto, (max-width: 420px) 100vw, 420px\" \/><\/figure>\n","protected":false},"excerpt":{"rendered":"<p>P\u00ebr her\u00eb t\u00eb par\u00eb, Kosova do t\u00eb ket\u00eb nj\u00eb p\u00ebrfaq\u00ebsim zyrtar n\u00eb nj\u00eb nga festivalet nd\u00ebrkomb\u00ebtare t\u00eb muzik\u00ebs p\u00ebr talentet e reja n\u00eb Evrop\u00eb. N\u00eb edicionin e vitit 2026 t\u00eb festivalit \u201cTallinn Voice\u201d, q\u00eb do t\u00eb mbahet nga 1 deri m\u00eb 3 maj n\u00eb Tallinn t\u00eb Estonis\u00eb, pjes\u00eb e panelit t\u00eb juris\u00eb do t\u00eb jet\u00eb [&hellip;]<\/p>\n","protected":false},"author":2,"featured_media":5023,"comment_status":"closed","ping_status":"open","sticky":false,"template":"","format":"standard","meta":{"footnotes":""},"categories":[27,6,26,4],"tags":[],"class_list":["post-5021","post","type-post","status-publish","format-standard","has-post-thumbnail","hentry","category-pak-per-boten","category-pak-per-kulturen","category-pak-per-muziken","category-pak-per-vendin","entry daho-fn-article"],"_links":{"self":[{"href":"https:\/\/gegfm.com\/1\/wp-json\/wp\/v2\/posts\/5021","targetHints":{"allow":["GET"]}}],"collection":[{"href":"https:\/\/gegfm.com\/1\/wp-json\/wp\/v2\/posts"}],"about":[{"href":"https:\/\/gegfm.com\/1\/wp-json\/wp\/v2\/types\/post"}],"author":[{"embeddable":true,"href":"https:\/\/gegfm.com\/1\/wp-json\/wp\/v2\/users\/2"}],"replies":[{"embeddable":true,"href":"https:\/\/gegfm.com\/1\/wp-json\/wp\/v2\/comments?post=5021"}],"version-history":[{"count":1,"href":"https:\/\/gegfm.com\/1\/wp-json\/wp\/v2\/posts\/5021\/revisions"}],"predecessor-version":[{"id":5024,"href":"https:\/\/gegfm.com\/1\/wp-json\/wp\/v2\/posts\/5021\/revisions\/5024"}],"wp:featuredmedia":[{"embeddable":true,"href":"https:\/\/gegfm.com\/1\/wp-json\/wp\/v2\/media\/5023"}],"wp:attachment":[{"href":"https:\/\/gegfm.com\/1\/wp-json\/wp\/v2\/media?parent=5021"}],"wp:term":[{"taxonomy":"category","embeddable":true,"href":"https:\/\/gegfm.com\/1\/wp-json\/wp\/v2\/categories?post=5021"},{"taxonomy":"post_tag","embeddable":true,"href":"https:\/\/gegfm.com\/1\/wp-json\/wp\/v2\/tags?post=5021"}],"curies":[{"name":"wp","href":"https:\/\/api.w.org\/{rel}","templated":true}]}}