{"id":4970,"date":"2026-03-03T14:38:09","date_gmt":"2026-03-03T12:38:09","guid":{"rendered":"https:\/\/gegfm.com\/1\/?p=4970"},"modified":"2026-03-03T14:38:10","modified_gmt":"2026-03-03T12:38:10","slug":"the-star-spangled-banner-historia-e-himnit-te-shteteve-te-bashkuara","status":"publish","type":"post","link":"https:\/\/gegfm.com\/1\/the-star-spangled-banner-historia-e-himnit-te-shteteve-te-bashkuara\/","title":{"rendered":"The Star-Spangled Banner \u2013 Historia e himnit t\u00eb Shteteve t\u00eb Bashkuara"},"content":{"rendered":"\n<p>M\u00eb <strong>3 mars 1931<\/strong>, pas m\u00eb shum\u00eb se nj\u00eb shekulli p\u00ebrdorimi jozyrtar, SHBA-ja e shpalli zyrtarisht \u201cThe Star-Spangled Banner\u201d si <strong>himnin komb\u00ebtar<\/strong>, p\u00ebrmes nj\u00eb akti t\u00eb Kongresit t\u00eb n\u00ebnshkruar nga presidenti Herbert Hoover.<\/p>\n\n\n\n<p><strong>Si lindi k\u00ebnga?<\/strong><\/p>\n\n\n\n<p>Historia nis shum\u00eb m\u00eb her\u00ebt, n\u00eb vitin <strong>1814<\/strong>, gjat\u00eb Luft\u00ebs s\u00eb vitit 1812 mes SHBA-s\u00eb dhe Britanis\u00eb. Avokati dhe poeti amerikan Francis Scott Key ishte d\u00ebshmitar i bombardimit britanik ndaj fortes\u00ebs Fort McHenry n\u00eb Baltimor\u00eb.<\/p>\n\n\n\n<p>Pas nj\u00eb nate t\u00eb gjat\u00eb sulmesh intensive, n\u00eb agim Key pa flamurin amerikan me <strong>15 yje dhe 15 shirita<\/strong> q\u00eb vazhdonte t\u00eb val\u00ebvitej mbi fortes\u00eb. Kjo ishte prova se fortesa nuk ishte dor\u00ebzuar. I frym\u00ebzuar nga kjo pamje, ai shkroi poezin\u00eb <strong>\u201cDefence of Fort M\u2019Henry\u201d<\/strong>, e cila m\u00eb von\u00eb u b\u00eb teksti i himnit.<\/p>\n\n\n\n<p><strong>Muzika \u2013 nj\u00eb surpriz\u00eb britanike<\/strong><\/p>\n\n\n\n<p>Fjal\u00ebt e Key u vendos\u00ebn mbi melodin\u00eb e nj\u00eb k\u00ebnge britanike t\u00eb shekullit XVIII, \u201cTo Anacreon in Heaven\u201d, nj\u00eb k\u00ebng\u00eb e kompozuar nga John Stafford Smith p\u00ebr nj\u00eb klub muzikor londinez. Ironikisht, nj\u00eb melodi britanike u b\u00eb simboli m\u00eb i fort\u00eb patriotik i Amerik\u00ebs.<\/p>\n\n\n\n<p><strong>Pse u desh\u00ebn 117 vjet p\u00ebr ta shpallur zyrtarisht?<\/strong><\/p>\n\n\n\n<p>Edhe pse k\u00ebnga p\u00ebrdorej gjer\u00ebsisht n\u00eb ceremoni ushtarake dhe ngjarje publike gjat\u00eb shekullit XIX, SHBA nuk kishte nj\u00eb himn t\u00eb p\u00ebrcaktuar me ligj. Vet\u00ebm n\u00eb vitin <strong>1931<\/strong>, pas presionit publik dhe mb\u00ebshtetjes s\u00eb veteran\u00ebve t\u00eb luft\u00ebs, Kongresi e miratoi zyrtarisht.<\/p>\n\n\n\n<p><strong>Disa fakte interesante:<\/strong><\/p>\n\n\n\n<ul class=\"wp-block-list\">\n<li>Versioni origjinal ka <strong>kat\u00ebr strofa<\/strong>, por zakonisht k\u00ebndohet vet\u00ebm e para.<\/li>\n\n\n\n<li>\u00cbsht\u00eb nj\u00eb nga himnet m\u00eb t\u00eb v\u00ebshtira p\u00ebr t\u2019u k\u00ebnduar p\u00ebr shkak t\u00eb diapazonit t\u00eb lart\u00eb vokal.<\/li>\n\n\n\n<li>Flamuri q\u00eb frym\u00ebzoi k\u00ebng\u00ebn ruhet sot n\u00eb Smithsonian n\u00eb Uashington.<\/li>\n<\/ul>\n\n\n\n<p>N\u00eb thelb, himni amerikan nuk \u00ebsht\u00eb thjesht nj\u00eb k\u00ebng\u00eb, \u00ebsht\u00eb nj\u00eb moment historik i ngrir\u00eb n\u00eb vargje, q\u00eb simbolizon <strong>q\u00ebndres\u00ebn, flamurin dhe identitetin komb\u00ebtar<\/strong>.<\/p>\n\n\n\n<iframe loading=\"lazy\" title=\"Star Spangled Banner with Lyrics, Vocals, and Beautiful Photos\" width=\"500\" height=\"375\" src=\"https:\/\/www.youtube.com\/embed\/vPKp29Luryc?feature=oembed\" frameborder=\"0\" allow=\"accelerometer; autoplay; clipboard-write; encrypted-media; gyroscope; picture-in-picture; web-share\" referrerpolicy=\"strict-origin-when-cross-origin\" allowfullscreen><\/iframe>\n","protected":false},"excerpt":{"rendered":"<p>M\u00eb 3 mars 1931, pas m\u00eb shum\u00eb se nj\u00eb shekulli p\u00ebrdorimi jozyrtar, SHBA-ja e shpalli zyrtarisht \u201cThe Star-Spangled Banner\u201d si himnin komb\u00ebtar, p\u00ebrmes nj\u00eb akti t\u00eb Kongresit t\u00eb n\u00ebnshkruar nga presidenti Herbert Hoover. Si lindi k\u00ebnga? Historia nis shum\u00eb m\u00eb her\u00ebt, n\u00eb vitin 1814, gjat\u00eb Luft\u00ebs s\u00eb vitit 1812 mes SHBA-s\u00eb dhe Britanis\u00eb. Avokati dhe [&hellip;]<\/p>\n","protected":false},"author":2,"featured_media":4971,"comment_status":"closed","ping_status":"open","sticky":false,"template":"","format":"standard","meta":{"footnotes":""},"categories":[27,6],"tags":[],"class_list":["post-4970","post","type-post","status-publish","format-standard","has-post-thumbnail","hentry","category-pak-per-boten","category-pak-per-kulturen","entry daho-fn-article"],"_links":{"self":[{"href":"https:\/\/gegfm.com\/1\/wp-json\/wp\/v2\/posts\/4970","targetHints":{"allow":["GET"]}}],"collection":[{"href":"https:\/\/gegfm.com\/1\/wp-json\/wp\/v2\/posts"}],"about":[{"href":"https:\/\/gegfm.com\/1\/wp-json\/wp\/v2\/types\/post"}],"author":[{"embeddable":true,"href":"https:\/\/gegfm.com\/1\/wp-json\/wp\/v2\/users\/2"}],"replies":[{"embeddable":true,"href":"https:\/\/gegfm.com\/1\/wp-json\/wp\/v2\/comments?post=4970"}],"version-history":[{"count":1,"href":"https:\/\/gegfm.com\/1\/wp-json\/wp\/v2\/posts\/4970\/revisions"}],"predecessor-version":[{"id":4972,"href":"https:\/\/gegfm.com\/1\/wp-json\/wp\/v2\/posts\/4970\/revisions\/4972"}],"wp:featuredmedia":[{"embeddable":true,"href":"https:\/\/gegfm.com\/1\/wp-json\/wp\/v2\/media\/4971"}],"wp:attachment":[{"href":"https:\/\/gegfm.com\/1\/wp-json\/wp\/v2\/media?parent=4970"}],"wp:term":[{"taxonomy":"category","embeddable":true,"href":"https:\/\/gegfm.com\/1\/wp-json\/wp\/v2\/categories?post=4970"},{"taxonomy":"post_tag","embeddable":true,"href":"https:\/\/gegfm.com\/1\/wp-json\/wp\/v2\/tags?post=4970"}],"curies":[{"name":"wp","href":"https:\/\/api.w.org\/{rel}","templated":true}]}}