{"id":4951,"date":"2026-03-03T12:12:09","date_gmt":"2026-03-03T10:12:09","guid":{"rendered":"https:\/\/gegfm.com\/1\/?p=4951"},"modified":"2026-03-03T12:17:24","modified_gmt":"2026-03-03T10:17:24","slug":"destinacionet-evropiane-ku-makinat-nuk-ekzistojne","status":"publish","type":"post","link":"https:\/\/gegfm.com\/1\/destinacionet-evropiane-ku-makinat-nuk-ekzistojne\/","title":{"rendered":"Destinacionet evropiane ku makinat nuk ekzistojn\u00eb"},"content":{"rendered":"\n<p>N\u00eb nj\u00eb koh\u00eb kur <strong>zhurma e trafikut<\/strong>, <strong>ndotja akustike<\/strong> dhe <strong>stresi urban<\/strong> jan\u00eb b\u00ebr\u00eb pjes\u00eb e p\u00ebrditshm\u00ebris\u00eb, disa qytete dhe fshatra evropiane kan\u00eb zgjedhur nj\u00eb model tjet\u00ebr zhvillimi: <strong>hap\u00ebsira publike pa makina<\/strong>.<\/p>\n\n\n\n<p>K\u00ebto destinacione ofrojn\u00eb <strong>aj\u00ebr m\u00eb t\u00eb past\u00ebr<\/strong>, <strong>l\u00ebvizje m\u00eb t\u00eb lir\u00eb<\/strong> dhe nj\u00eb p\u00ebrvoj\u00eb m\u00eb t\u00eb qet\u00eb p\u00ebr banor\u00ebt dhe vizitor\u00ebt.<\/p>\n\n\n\n<p><strong>Ljubljana \u2013 Transformimi i nj\u00eb kryeqyteti<\/strong><\/p>\n\n\n\n<p>Procesi i krijimit t\u00eb nj\u00eb <strong>zone t\u00eb madhe pa makina<\/strong> n\u00eb Ljubljana nisi n\u00eb vitin <strong>2007<\/strong>, fillimisht me nj\u00eb hap\u00ebsir\u00eb t\u00eb kufizuar n\u00eb qend\u00ebr. Me kalimin e viteve, projekti u zgjerua gradualisht dhe sot p\u00ebrfshin rreth <strong>20 hektar\u00eb<\/strong>, duke u konsideruar si <strong>zona m\u00eb e madhe pa makina n\u00eb Bashkimin Evropian<\/strong>.<\/p>\n\n\n\n<p>Qendra historike \u00ebsht\u00eb kthyer n\u00eb nj\u00eb hap\u00ebsir\u00eb t\u00eb dedikuar p\u00ebr <strong>k\u00ebmb\u00ebsor\u00ebt dhe bi\u00e7ikletat<\/strong>, nd\u00ebrsa l\u00ebvizja leht\u00ebsohet nga <strong>mini-automjete elektrike falas<\/strong>. Vizitor\u00ebt mund t\u00eb eksplorojn\u00eb qytetin, p\u00ebrfshir\u00eb <strong>Kalan\u00eb e Ljubljan\u00ebs<\/strong> dhe nd\u00ebrtes\u00ebn e bashkis\u00eb, pa trafik dhe pa borit\u00eb e makinave.<\/p>\n\n\n\n<p>Ky transformim ka rritur ndjesh\u00ebm <strong>cil\u00ebsin\u00eb e jetes\u00ebs<\/strong>, ka p\u00ebrmir\u00ebsuar <strong>ambientin urban<\/strong> dhe ka forcuar imazhin e qytetit si nj\u00eb nga kryeqytetet m\u00eb t\u00eb gjelbra n\u00eb Evrop\u00eb.<\/p>\n\n\n\n<figure class=\"wp-block-gallery has-nested-images columns-default is-cropped wp-block-gallery-1 is-layout-flex wp-block-gallery-is-layout-flex\">\n<figure class=\"wp-block-image size-large\"><img loading=\"lazy\" decoding=\"async\" width=\"420\" height=\"630\" data-id=\"4953\" src=\"https:\/\/gegfm.com\/1\/wp-content\/uploads\/2026\/03\/image-10.jpg\" alt=\"\" class=\"wp-image-4953\" srcset=\"https:\/\/gegfm.com\/1\/wp-content\/uploads\/2026\/03\/image-10.jpg 420w, https:\/\/gegfm.com\/1\/wp-content\/uploads\/2026\/03\/image-10-200x300.jpg 200w, https:\/\/gegfm.com\/1\/wp-content\/uploads\/2026\/03\/image-10-8x12.jpg 8w\" sizes=\"auto, (max-width: 420px) 100vw, 420px\" \/><\/figure>\n\n\n\n<figure class=\"wp-block-image size-large\"><img loading=\"lazy\" decoding=\"async\" width=\"420\" height=\"630\" data-id=\"4954\" src=\"https:\/\/gegfm.com\/1\/wp-content\/uploads\/2026\/03\/image-11.jpg\" alt=\"\" class=\"wp-image-4954\" srcset=\"https:\/\/gegfm.com\/1\/wp-content\/uploads\/2026\/03\/image-11.jpg 420w, https:\/\/gegfm.com\/1\/wp-content\/uploads\/2026\/03\/image-11-200x300.jpg 200w, https:\/\/gegfm.com\/1\/wp-content\/uploads\/2026\/03\/image-11-8x12.jpg 8w\" sizes=\"auto, (max-width: 420px) 100vw, 420px\" \/><\/figure>\n\n\n\n<figure class=\"wp-block-image size-large\"><img loading=\"lazy\" decoding=\"async\" width=\"420\" height=\"630\" data-id=\"4955\" src=\"https:\/\/gegfm.com\/1\/wp-content\/uploads\/2026\/03\/image-12.jpg\" alt=\"\" class=\"wp-image-4955\" srcset=\"https:\/\/gegfm.com\/1\/wp-content\/uploads\/2026\/03\/image-12.jpg 420w, https:\/\/gegfm.com\/1\/wp-content\/uploads\/2026\/03\/image-12-200x300.jpg 200w, https:\/\/gegfm.com\/1\/wp-content\/uploads\/2026\/03\/image-12-8x12.jpg 8w\" sizes=\"auto, (max-width: 420px) 100vw, 420px\" \/><\/figure>\n<\/figure>\n\n\n\n<p><strong>Giethoorn \u2013 Fshati pa rrug\u00eb p\u00ebr makina<\/strong><\/p>\n\n\n\n<p>N\u00eb veri t\u00eb Holand\u00ebs ndodhet Giethoorn, nj\u00eb fshat me rreth <strong>2 mij\u00eb banor\u00eb<\/strong>, i njohur p\u00ebr faktin se <strong>nuk ka rrug\u00eb p\u00ebr makina<\/strong>. Q\u00eb nga krijimi i tij, l\u00ebvizja organizohet p\u00ebrmes <strong>kanaleve ujore<\/strong>, shtigjeve p\u00ebr k\u00ebmb\u00ebsor\u00eb dhe bi\u00e7ikletave.<\/p>\n\n\n\n<p>Banor\u00ebt p\u00ebrdorin <strong>varka elektrike<\/strong> p\u00ebr transport t\u00eb p\u00ebrditsh\u00ebm, nd\u00ebrsa vizitor\u00ebt p\u00ebrjetojn\u00eb nj\u00eb ambient ku d\u00ebgjohen vet\u00ebm <strong>tingujt e ujit dhe natyr\u00ebs<\/strong>. Edhe pse gjat\u00eb dit\u00ebs ka fluks turistik, sidomos n\u00eb sezonin veror, q\u00ebndrimi gjat\u00eb nat\u00ebs ofron nj\u00eb p\u00ebrvoj\u00eb m\u00eb t\u00eb qet\u00eb dhe autentike.<\/p>\n\n\n\n<figure class=\"wp-block-gallery has-nested-images columns-default is-cropped wp-block-gallery-2 is-layout-flex wp-block-gallery-is-layout-flex\">\n<figure class=\"wp-block-image size-large\"><img loading=\"lazy\" decoding=\"async\" width=\"945\" height=\"630\" data-id=\"4960\" src=\"https:\/\/gegfm.com\/1\/wp-content\/uploads\/2026\/03\/image-15.jpg\" alt=\"\" class=\"wp-image-4960\" srcset=\"https:\/\/gegfm.com\/1\/wp-content\/uploads\/2026\/03\/image-15.jpg 945w, https:\/\/gegfm.com\/1\/wp-content\/uploads\/2026\/03\/image-15-300x200.jpg 300w, https:\/\/gegfm.com\/1\/wp-content\/uploads\/2026\/03\/image-15-768x512.jpg 768w, https:\/\/gegfm.com\/1\/wp-content\/uploads\/2026\/03\/image-15-18x12.jpg 18w, https:\/\/gegfm.com\/1\/wp-content\/uploads\/2026\/03\/image-15-700x467.jpg 700w\" sizes=\"auto, (max-width: 945px) 100vw, 945px\" \/><\/figure>\n\n\n\n<figure class=\"wp-block-image size-large\"><img loading=\"lazy\" decoding=\"async\" width=\"1024\" height=\"492\" data-id=\"4958\" src=\"https:\/\/gegfm.com\/1\/wp-content\/uploads\/2026\/03\/image-13-1024x492.jpg\" alt=\"\" class=\"wp-image-4958\" srcset=\"https:\/\/gegfm.com\/1\/wp-content\/uploads\/2026\/03\/image-13-1024x492.jpg 1024w, https:\/\/gegfm.com\/1\/wp-content\/uploads\/2026\/03\/image-13-300x144.jpg 300w, https:\/\/gegfm.com\/1\/wp-content\/uploads\/2026\/03\/image-13-768x369.jpg 768w, https:\/\/gegfm.com\/1\/wp-content\/uploads\/2026\/03\/image-13-18x9.jpg 18w, https:\/\/gegfm.com\/1\/wp-content\/uploads\/2026\/03\/image-13-700x337.jpg 700w, https:\/\/gegfm.com\/1\/wp-content\/uploads\/2026\/03\/image-13.jpg 1200w\" sizes=\"auto, (max-width: 1024px) 100vw, 1024px\" \/><\/figure>\n\n\n\n<figure class=\"wp-block-image size-large\"><img loading=\"lazy\" decoding=\"async\" width=\"840\" height=\"630\" data-id=\"4959\" src=\"https:\/\/gegfm.com\/1\/wp-content\/uploads\/2026\/03\/image-14.jpg\" alt=\"\" class=\"wp-image-4959\" srcset=\"https:\/\/gegfm.com\/1\/wp-content\/uploads\/2026\/03\/image-14.jpg 840w, https:\/\/gegfm.com\/1\/wp-content\/uploads\/2026\/03\/image-14-300x225.jpg 300w, https:\/\/gegfm.com\/1\/wp-content\/uploads\/2026\/03\/image-14-768x576.jpg 768w, https:\/\/gegfm.com\/1\/wp-content\/uploads\/2026\/03\/image-14-16x12.jpg 16w, https:\/\/gegfm.com\/1\/wp-content\/uploads\/2026\/03\/image-14-700x525.jpg 700w\" sizes=\"auto, (max-width: 840px) 100vw, 840px\" \/><\/figure>\n<\/figure>\n\n\n\n<p>K\u00ebto dy modele tregojn\u00eb se <strong>reduktimi i makinave<\/strong> n\u00eb hap\u00ebsirat qendrore nuk \u00ebsht\u00eb vet\u00ebm nj\u00eb mas\u00eb mjedisore, por nj\u00eb strategji p\u00ebr t\u00eb krijuar <strong>qytete m\u00eb t\u00eb jetueshme<\/strong>.<\/p>\n\n\n\n<p><strong>Ljubljana<\/strong> d\u00ebshmon se edhe nj\u00eb kryeqytet modern mund t\u00eb transformohet me sukses, nd\u00ebrsa <strong>Giethoorn<\/strong> ruan nj\u00eb m\u00ebnyr\u00eb jetese t\u00eb ngadalt\u00eb dhe t\u00eb lidhur ngusht\u00eb me natyr\u00ebn.<\/p>\n\n\n\n<p>N\u00eb nj\u00eb Evrop\u00eb gjithnj\u00eb e m\u00eb t\u00eb urbanizuar, k\u00ebto destinacione mbeten shembuj t\u00eb qart\u00eb se <strong>qet\u00ebsia, l\u00ebvizja e lir\u00eb dhe turizmi<\/strong> mund t\u00eb bashk\u00ebjetojn\u00eb n\u00eb harmoni.<\/p>\n","protected":false},"excerpt":{"rendered":"<p>N\u00eb nj\u00eb koh\u00eb kur zhurma e trafikut, ndotja akustike dhe stresi urban jan\u00eb b\u00ebr\u00eb pjes\u00eb e p\u00ebrditshm\u00ebris\u00eb, disa qytete dhe fshatra evropiane kan\u00eb zgjedhur nj\u00eb model tjet\u00ebr zhvillimi: hap\u00ebsira publike pa makina. K\u00ebto destinacione ofrojn\u00eb aj\u00ebr m\u00eb t\u00eb past\u00ebr, l\u00ebvizje m\u00eb t\u00eb lir\u00eb dhe nj\u00eb p\u00ebrvoj\u00eb m\u00eb t\u00eb qet\u00eb p\u00ebr banor\u00ebt dhe vizitor\u00ebt. Ljubljana \u2013 [&hellip;]<\/p>\n","protected":false},"author":2,"featured_media":4961,"comment_status":"closed","ping_status":"open","sticky":false,"template":"","format":"standard","meta":{"footnotes":""},"categories":[27,6],"tags":[],"class_list":["post-4951","post","type-post","status-publish","format-standard","has-post-thumbnail","hentry","category-pak-per-boten","category-pak-per-kulturen","entry daho-fn-article"],"_links":{"self":[{"href":"https:\/\/gegfm.com\/1\/wp-json\/wp\/v2\/posts\/4951","targetHints":{"allow":["GET"]}}],"collection":[{"href":"https:\/\/gegfm.com\/1\/wp-json\/wp\/v2\/posts"}],"about":[{"href":"https:\/\/gegfm.com\/1\/wp-json\/wp\/v2\/types\/post"}],"author":[{"embeddable":true,"href":"https:\/\/gegfm.com\/1\/wp-json\/wp\/v2\/users\/2"}],"replies":[{"embeddable":true,"href":"https:\/\/gegfm.com\/1\/wp-json\/wp\/v2\/comments?post=4951"}],"version-history":[{"count":2,"href":"https:\/\/gegfm.com\/1\/wp-json\/wp\/v2\/posts\/4951\/revisions"}],"predecessor-version":[{"id":4962,"href":"https:\/\/gegfm.com\/1\/wp-json\/wp\/v2\/posts\/4951\/revisions\/4962"}],"wp:featuredmedia":[{"embeddable":true,"href":"https:\/\/gegfm.com\/1\/wp-json\/wp\/v2\/media\/4961"}],"wp:attachment":[{"href":"https:\/\/gegfm.com\/1\/wp-json\/wp\/v2\/media?parent=4951"}],"wp:term":[{"taxonomy":"category","embeddable":true,"href":"https:\/\/gegfm.com\/1\/wp-json\/wp\/v2\/categories?post=4951"},{"taxonomy":"post_tag","embeddable":true,"href":"https:\/\/gegfm.com\/1\/wp-json\/wp\/v2\/tags?post=4951"}],"curies":[{"name":"wp","href":"https:\/\/api.w.org\/{rel}","templated":true}]}}