{"id":4490,"date":"2026-02-12T11:55:41","date_gmt":"2026-02-12T09:55:41","guid":{"rendered":"https:\/\/gegfm.com\/1\/?p=4490"},"modified":"2026-02-12T11:55:41","modified_gmt":"2026-02-12T09:55:41","slug":"arrethyesi-ne-prishtine-magjia-e-baletit-ne-akull-vjen-me-21-shkurt","status":"publish","type":"post","link":"https:\/\/gegfm.com\/1\/arrethyesi-ne-prishtine-magjia-e-baletit-ne-akull-vjen-me-21-shkurt\/","title":{"rendered":"\u201cArrethy\u00ebsi\u201d n\u00eb Prishtin\u00eb: Magjia e baletit n\u00eb akull vjen m\u00eb 21 shkurt"},"content":{"rendered":"\n<p>N\u00eb nj\u00eb mbr\u00ebmje dimri, kur qyteti vishet me ajrin e ftoht\u00eb t\u00eb shkurtit, <strong>Prishtina<\/strong> do t\u00eb shnd\u00ebrrohet n\u00eb nj\u00eb sken\u00eb magjie mbi akull. M\u00eb <strong>21 shkurt<\/strong>, n\u00eb <strong>Sall\u00ebn \u201c1 Tetori\u201d<\/strong>, publiku do t\u00eb ket\u00eb mund\u00ebsin\u00eb t\u00eb p\u00ebrjetoj\u00eb nga af\u00ebr baletin n\u00eb akull <strong>\u201cArrethy\u00ebsi\u201d<\/strong>, nj\u00eb nga veprat m\u00eb t\u00eb dashura t\u00eb repertorit klasik bot\u00ebror.<\/p>\n\n\n\n<p>E ftuar nga <strong>Drejtoria e Kultur\u00ebs e Komun\u00ebs s\u00eb Prishtin\u00ebs<\/strong>, kjo shfaqje sjell nj\u00eb interpretim t\u00eb ri dhe t\u00eb ve\u00e7ant\u00eb t\u00eb historis\u00eb q\u00eb ka mahnitur breza t\u00eb t\u00ebr\u00eb. N\u00eb qend\u00ebr t\u00eb saj \u00ebsht\u00eb Klara, e cila n\u00eb nat\u00ebn e Krishtlindjes hyn n\u00eb nj\u00eb univers fantastik ku lodrat marrin jet\u00eb, zhvillohen beteja magjike dhe nis nj\u00eb udh\u00ebtim i paharruesh\u00ebm drejt Mbret\u00ebris\u00eb s\u00eb \u00cbmb\u00eblsirave.<\/p>\n\n\n\n<p>Kjo nuk \u00ebsht\u00eb thjesht nj\u00eb shfaqje baleti. \u00cbsht\u00eb nj\u00eb nd\u00ebrthurje e <strong>muzik\u00ebs klasike<\/strong>, <strong>koreografis\u00eb elegante<\/strong> dhe fines\u00ebs s\u00eb l\u00ebvizjeve mbi akull, q\u00eb premton nj\u00eb p\u00ebrjetim artistik p\u00ebr t\u00eb gjitha moshat. <\/p>\n\n\n\n<p>Organizator\u00ebt paralajm\u00ebrojn\u00eb nj\u00eb mbr\u00ebmje t\u00eb ve\u00e7ant\u00eb, ku arti klasik takohet me spektaklin modern, duke krijuar nj\u00eb atmosfer\u00eb q\u00eb mbetet gjat\u00eb n\u00eb kujtes\u00eb.<\/p>\n\n\n\n<iframe loading=\"lazy\" src=\"https:\/\/www.facebook.com\/plugins\/post.php?href=https%3A%2F%2Fwww.facebook.com%2Fpermalink.php%3Fstory_fbid%3Dpfbid0XipixbDT7WQaujBF44LeMDNMGuLoahCef3C4iz6hRmPEgg4TBoP3yeYVPLe9UHHkl%26id%3D100086014220800&#038;show_text=true&#038;width=500\" width=\"500\" height=\"672\" style=\"border:none;overflow:hidden\" scrolling=\"no\" frameborder=\"0\" allowfullscreen=\"true\" allow=\"autoplay; clipboard-write; encrypted-media; picture-in-picture; web-share\"><\/iframe>\n","protected":false},"excerpt":{"rendered":"<p>N\u00eb nj\u00eb mbr\u00ebmje dimri, kur qyteti vishet me ajrin e ftoht\u00eb t\u00eb shkurtit, Prishtina do t\u00eb shnd\u00ebrrohet n\u00eb nj\u00eb sken\u00eb magjie mbi akull. M\u00eb 21 shkurt, n\u00eb Sall\u00ebn \u201c1 Tetori\u201d, publiku do t\u00eb ket\u00eb mund\u00ebsin\u00eb t\u00eb p\u00ebrjetoj\u00eb nga af\u00ebr baletin n\u00eb akull \u201cArrethy\u00ebsi\u201d, nj\u00eb nga veprat m\u00eb t\u00eb dashura t\u00eb repertorit klasik bot\u00ebror. E ftuar [&hellip;]<\/p>\n","protected":false},"author":2,"featured_media":4491,"comment_status":"closed","ping_status":"open","sticky":false,"template":"","format":"standard","meta":{"footnotes":""},"categories":[4],"tags":[],"class_list":["post-4490","post","type-post","status-publish","format-standard","has-post-thumbnail","hentry","category-pak-per-vendin","entry daho-fn-article"],"_links":{"self":[{"href":"https:\/\/gegfm.com\/1\/wp-json\/wp\/v2\/posts\/4490","targetHints":{"allow":["GET"]}}],"collection":[{"href":"https:\/\/gegfm.com\/1\/wp-json\/wp\/v2\/posts"}],"about":[{"href":"https:\/\/gegfm.com\/1\/wp-json\/wp\/v2\/types\/post"}],"author":[{"embeddable":true,"href":"https:\/\/gegfm.com\/1\/wp-json\/wp\/v2\/users\/2"}],"replies":[{"embeddable":true,"href":"https:\/\/gegfm.com\/1\/wp-json\/wp\/v2\/comments?post=4490"}],"version-history":[{"count":1,"href":"https:\/\/gegfm.com\/1\/wp-json\/wp\/v2\/posts\/4490\/revisions"}],"predecessor-version":[{"id":4495,"href":"https:\/\/gegfm.com\/1\/wp-json\/wp\/v2\/posts\/4490\/revisions\/4495"}],"wp:featuredmedia":[{"embeddable":true,"href":"https:\/\/gegfm.com\/1\/wp-json\/wp\/v2\/media\/4491"}],"wp:attachment":[{"href":"https:\/\/gegfm.com\/1\/wp-json\/wp\/v2\/media?parent=4490"}],"wp:term":[{"taxonomy":"category","embeddable":true,"href":"https:\/\/gegfm.com\/1\/wp-json\/wp\/v2\/categories?post=4490"},{"taxonomy":"post_tag","embeddable":true,"href":"https:\/\/gegfm.com\/1\/wp-json\/wp\/v2\/tags?post=4490"}],"curies":[{"name":"wp","href":"https:\/\/api.w.org\/{rel}","templated":true}]}}