{"id":3857,"date":"2026-01-13T12:10:25","date_gmt":"2026-01-13T10:10:25","guid":{"rendered":"https:\/\/gegfm.com\/1\/?p=3857"},"modified":"2026-01-13T12:10:26","modified_gmt":"2026-01-13T10:10:26","slug":"fjalori-i-madh-i-gjuhes-shqipe-tashme-edhe-online","status":"publish","type":"post","link":"https:\/\/gegfm.com\/1\/fjalori-i-madh-i-gjuhes-shqipe-tashme-edhe-online\/","title":{"rendered":"Fjalori i madh i gjuh\u00ebs shqipe, tashm\u00eb edhe online"},"content":{"rendered":"\n<p><strong>Akademia e Shkencave e Shqip\u00ebris\u00eb<\/strong> ka hapur p\u00ebr p\u00ebrdoruesit <strong>platform\u00ebn online<\/strong> t\u00eb <strong>\u201cFjalorit t\u00eb madh t\u00eb gjuh\u00ebs shqipe\u201d<\/strong>, nj\u00eb nga tre projektet m\u00eb t\u00eb r\u00ebnd\u00ebsishme n\u00eb <strong>albanologji<\/strong>, bashk\u00eb me <strong>\u201cHistorin\u00eb e Shqiptar\u00ebve\u201d<\/strong> dhe <strong>\u201cEnciklopedin\u00eb Shqiptare\u201d<\/strong>. Platforma \u00ebsht\u00eb e aksesueshme n\u00eb adres\u00ebn <strong><a href=\"https:\/\/fjalori.online\">fjalori.online<\/a><\/strong> dhe ofron <strong>qasje t\u00eb lir\u00eb<\/strong> n\u00eb p\u00ebrmbajtjen e saj.<\/p>\n\n\n\n<p>Sipas <strong>Vendimit nr. 1, dat\u00eb 06.01.2026<\/strong>, p\u00ebr nj\u00eb periudh\u00eb <strong>n\u00ebnt\u00ebmujore<\/strong> p\u00ebrdoruesit mund t\u00eb japin <strong>mendime, sugjerime dhe plot\u00ebsime<\/strong> p\u00ebr p\u00ebrmir\u00ebsimin e <strong>fjalorit<\/strong>. Pas k\u00ebsaj periudhe, <strong>Redaksia e Fjalorit<\/strong> dhe <strong>Koordinatori Teknik<\/strong> do t\u2019i pasqyrojn\u00eb sugjerimet brenda nj\u00eb afati <strong>tremujor<\/strong>.<\/p>\n\n\n\n<p>Projektin e ka realizuar nj\u00eb <strong>ekip i gjer\u00eb hartuesish, redaktor\u00ebsh dhe korrektor\u00ebsh<\/strong>, n\u00ebn drejtimin e <strong>Akademik Jani Thomait<\/strong> si <strong>kryeredaktor<\/strong>, me dy <strong>z\u00ebvend\u00ebskryeredaktor\u00eb<\/strong>, <strong>Akademik Valter Memishaj<\/strong> dhe <strong>Prof. Dr. Shezai Rrokaj<\/strong>. <strong>Shtypi i vepr\u00ebs n\u00eb dhjet\u00eb v\u00ebllime<\/strong> pritet t\u00eb realizohet <strong>vitin e ardhsh\u00ebm<\/strong>.<\/p>\n\n\n\n<p>Platforma \u00ebsht\u00eb <strong>e optimizuar p\u00ebr t\u00eb gjitha pajisjet digjitale<\/strong> dhe synon t\u00eb jet\u00eb nj\u00eb <strong>mjet i domosdosh\u00ebm<\/strong> p\u00ebr <strong>shkrimtar\u00ebt, publicist\u00ebt, shkollar\u00ebt, student\u00ebt, m\u00ebsuesit, pedagog\u00ebt<\/strong> dhe <strong>studiuesit e gjuh\u00ebs shqipe<\/strong>. <strong>Fjalori<\/strong> mb\u00ebshtet <strong>p\u00ebrdorimin dhe kultivimin e gjuh\u00ebs amtare<\/strong>, si n\u00eb t\u00eb shkruar ashtu edhe n\u00eb t\u00eb folur, dhe sh\u00ebrben si <strong>burim<\/strong> p\u00ebr <strong>krijime, p\u00ebrkthime dhe hartimin e fjalor\u00ebve t\u00eb ndrysh\u00ebm<\/strong>.<\/p>\n\n\n\n<p><strong>Eksploroni gjuh\u00ebn shqipe tani online: <a href=\"https:\/\/fjalori.online\">fjalori.online<\/a><\/strong><\/p>\n\n\n\n<iframe loading=\"lazy\" src=\"https:\/\/www.facebook.com\/plugins\/post.php?href=https%3A%2F%2Fwww.facebook.com%2Fqendraebotimeveenciklopedikedhealbanologjike%2Fposts%2Fpfbid0ktx4UV9bAsnZGCfiUStGySPCVNArMvq5fZq49KmRGbGB7Ph72efVNQoFjZHkGeUJl&#038;show_text=true&#038;width=500\" width=\"500\" height=\"547\" style=\"border:none;overflow:hidden\" scrolling=\"no\" frameborder=\"0\" allowfullscreen=\"true\" allow=\"autoplay; clipboard-write; encrypted-media; picture-in-picture; web-share\"><\/iframe>\n","protected":false},"excerpt":{"rendered":"<p>Akademia e Shkencave e Shqip\u00ebris\u00eb ka hapur p\u00ebr p\u00ebrdoruesit platform\u00ebn online t\u00eb \u201cFjalorit t\u00eb madh t\u00eb gjuh\u00ebs shqipe\u201d, nj\u00eb nga tre projektet m\u00eb t\u00eb r\u00ebnd\u00ebsishme n\u00eb albanologji, bashk\u00eb me \u201cHistorin\u00eb e Shqiptar\u00ebve\u201d dhe \u201cEnciklopedin\u00eb Shqiptare\u201d. Platforma \u00ebsht\u00eb e aksesueshme n\u00eb adres\u00ebn fjalori.online dhe ofron qasje t\u00eb lir\u00eb n\u00eb p\u00ebrmbajtjen e saj. Sipas Vendimit nr. 1, [&hellip;]<\/p>\n","protected":false},"author":2,"featured_media":3858,"comment_status":"closed","ping_status":"open","sticky":false,"template":"","format":"standard","meta":{"footnotes":""},"categories":[6,2,4],"tags":[],"class_list":["post-3857","post","type-post","status-publish","format-standard","has-post-thumbnail","hentry","category-pak-per-kulturen","category-pak-per-shqiptaret","category-pak-per-vendin","entry daho-fn-article"],"_links":{"self":[{"href":"https:\/\/gegfm.com\/1\/wp-json\/wp\/v2\/posts\/3857","targetHints":{"allow":["GET"]}}],"collection":[{"href":"https:\/\/gegfm.com\/1\/wp-json\/wp\/v2\/posts"}],"about":[{"href":"https:\/\/gegfm.com\/1\/wp-json\/wp\/v2\/types\/post"}],"author":[{"embeddable":true,"href":"https:\/\/gegfm.com\/1\/wp-json\/wp\/v2\/users\/2"}],"replies":[{"embeddable":true,"href":"https:\/\/gegfm.com\/1\/wp-json\/wp\/v2\/comments?post=3857"}],"version-history":[{"count":1,"href":"https:\/\/gegfm.com\/1\/wp-json\/wp\/v2\/posts\/3857\/revisions"}],"predecessor-version":[{"id":3859,"href":"https:\/\/gegfm.com\/1\/wp-json\/wp\/v2\/posts\/3857\/revisions\/3859"}],"wp:featuredmedia":[{"embeddable":true,"href":"https:\/\/gegfm.com\/1\/wp-json\/wp\/v2\/media\/3858"}],"wp:attachment":[{"href":"https:\/\/gegfm.com\/1\/wp-json\/wp\/v2\/media?parent=3857"}],"wp:term":[{"taxonomy":"category","embeddable":true,"href":"https:\/\/gegfm.com\/1\/wp-json\/wp\/v2\/categories?post=3857"},{"taxonomy":"post_tag","embeddable":true,"href":"https:\/\/gegfm.com\/1\/wp-json\/wp\/v2\/tags?post=3857"}],"curies":[{"name":"wp","href":"https:\/\/api.w.org\/{rel}","templated":true}]}}