{"id":3763,"date":"2026-01-08T12:07:31","date_gmt":"2026-01-08T10:07:31","guid":{"rendered":"https:\/\/gegfm.com\/1\/?p=3763"},"modified":"2026-01-08T12:10:38","modified_gmt":"2026-01-08T10:10:38","slug":"emrat-trendi-per-foshnjat-per-vitin-2026-ne-mesin-e-tyre-edhe-emri-dua","status":"publish","type":"post","link":"https:\/\/gegfm.com\/1\/emrat-trendi-per-foshnjat-per-vitin-2026-ne-mesin-e-tyre-edhe-emri-dua\/","title":{"rendered":"Emrat trendi p\u00ebr foshnjat p\u00ebr vitin 2026, n\u00eb mesin e tyre edhe emri Dua"},"content":{"rendered":"\n<p>Prind\u00ebrit q\u00eb presin t\u00eb mir\u00ebpresin nj\u00eb foshnj\u00eb n\u00eb <strong>vitin 2026<\/strong> po orientohen gjithnj\u00eb e m\u00eb shum\u00eb nga <strong>kultura pop, muzika dhe kuptimi simbolik i emrave<\/strong>.<\/p>\n\n\n\n<p>Sipas t\u00eb dh\u00ebnave t\u00eb fundit nga <strong>BabyCentre<\/strong>, platforma kryesore britanike p\u00ebr shtatz\u00ebni dhe prind\u00ebrim, <strong>yjet e pop-it si Lily Allen, Dua Lipa dhe Olivia Rodrigo<\/strong>, si dhe <strong>muzika country<\/strong>, do t\u00eb ken\u00eb ndikim t\u00eb drejtp\u00ebrdrejt\u00eb n\u00eb zgjedhjet e emrave p\u00ebr vitin 2026.<\/p>\n\n\n\n<p>Ekspert\u00ebt theksojn\u00eb se <strong>rrjetet sociale<\/strong> po luajn\u00eb nj\u00eb rol gjithnj\u00eb e m\u00eb t\u00eb r\u00ebnd\u00ebsish\u00ebm, ve\u00e7an\u00ebrisht p\u00ebrmes trendeve q\u00eb lidhen me <strong>\u201caur\u00ebn\u201d shpirt\u00ebrore t\u00eb emrave<\/strong>, duke i vler\u00ebsuar ata p\u00ebr energjin\u00eb, kuptimin dhe identitetin q\u00eb p\u00ebrcjellin.<\/p>\n\n\n\n<blockquote class=\"wp-block-quote is-layout-flow wp-block-quote-is-layout-flow\">\n<p><strong>\u201cEmrat e foshnjave gjithmon\u00eb pasqyrojn\u00eb momentin kulturor. T\u00eb dh\u00ebnat tona tregojn\u00eb qart\u00eb se k\u00ebt\u00eb vit prind\u00ebrit po zgjedhin emra t\u00eb lidhur me identitetin, q\u00ebllimin dhe vlerat personale,\u201d<\/strong> tha <strong>Faye Mingo<\/strong>, Drejtuese e Rritjes n\u00eb BabyCentre, gjat\u00eb publikimit t\u00eb list\u00ebs s\u00eb <strong>100 emrave m\u00eb t\u00eb popullarizuar p\u00ebr vitin 2025<\/strong>.<\/p>\n<\/blockquote>\n\n\n\n<hr class=\"wp-block-separator has-alpha-channel-opacity\"\/>\n\n\n\n<h3 class=\"wp-block-heading\"><strong>Emra \u2018heroik\u00eb\u2019 p\u00ebr djem dhe largimi nga zgjedhjet e pazakonta<\/strong><\/h3>\n\n\n\n<p>Nj\u00eb nga ndryshimet kryesore p\u00ebr vitin 2026 \u00ebsht\u00eb rikthimi i <strong>emrave klasik\u00eb dhe \u201cheroik\u00eb\u201d p\u00ebr djem<\/strong>, si <strong>Alexander, Nathaniel dhe Gabriel<\/strong>, t\u00eb cil\u00ebt po z\u00ebvend\u00ebsojn\u00eb emrat m\u00eb t\u00eb \u00e7uditsh\u00ebm apo humoristik\u00eb t\u00eb viteve t\u00eb fundit.<\/p>\n\n\n\n<hr class=\"wp-block-separator has-alpha-channel-opacity\"\/>\n\n\n\n<h3 class=\"wp-block-heading\"><strong>\u201cAura Points\u201d \u2013 trendi i ri q\u00eb po form\u00ebson zgjedhjet<\/strong><\/h3>\n\n\n\n<p>Nj\u00eb trend i ri n\u00eb rrjetet sociale, i njohur si <strong>\u201cAura Points\u201d<\/strong>, po ndikon fuqish\u00ebm n\u00eb parashikimet p\u00ebr emrat m\u00eb n\u00eb mod\u00eb n\u00eb 2026.<\/p>\n\n\n\n<blockquote class=\"wp-block-quote is-layout-flow wp-block-quote-is-layout-flow\">\n<p><strong>\u201cPrind\u00ebrit modern\u00eb k\u00ebrkojn\u00eb emra me kuptim \u2013 emra q\u00eb pasqyrojn\u00eb personalitet, vlera dhe energji pozitive,\u201d<\/strong> shpjegon <strong>SJ Strum<\/strong>, eksperte e emrave.<\/p>\n<\/blockquote>\n\n\n\n<p>Sipas saj, <strong>Aura Points<\/strong> i vler\u00ebsojn\u00eb emrat bazuar n\u00eb cil\u00ebsi si <strong>mir\u00ebsia, fuqia dhe g\u00ebzimi<\/strong>, duke i b\u00ebr\u00eb k\u00ebta emra gjithnj\u00eb e m\u00eb t\u00eb k\u00ebrkuar.<\/p>\n\n\n\n<p><strong>P\u00ebr vajzat<\/strong>, emra me \u201cAura Points\u201d p\u00ebrfshijn\u00eb: <strong>Maeve, Myla, Gianna dhe Esme<\/strong>.<br><strong>P\u00ebr djemt\u00eb<\/strong>, zgjedhjet m\u00eb t\u00eb shpeshta jan\u00eb: <strong>Ahmad, Caleb, Asher, Jude dhe Ronnie<\/strong>.<\/p>\n\n\n\n<hr class=\"wp-block-separator has-alpha-channel-opacity\"\/>\n\n\n\n<h3 class=\"wp-block-heading\"><strong>Emrat q\u00eb lidhen me drit\u00ebn dhe \u2018Glow Up\u2019<\/strong><\/h3>\n\n\n\n<p>Nj\u00eb tjet\u00ebr trend n\u00eb rritje \u00ebsht\u00eb ai i <strong>emrave me simbolik\u00eb t\u00eb drit\u00ebs<\/strong>.<\/p>\n\n\n\n<blockquote class=\"wp-block-quote is-layout-flow wp-block-quote-is-layout-flow\">\n<p><strong>\u201cTrendi \u2018Glow Up\u2019 po transformon listat e emrave, duke festuar emra q\u00eb p\u00ebrcjellin drit\u00eb, bukuri dhe kuptim,\u201d<\/strong> njofton BabyCentre.<\/p>\n<\/blockquote>\n\n\n\n<p>Shembuj t\u00eb till\u00eb jan\u00eb: <strong>Ayla<\/strong> (halo drite), <strong>Clara<\/strong> (e ndritshme), <strong>Nora<\/strong> (drit\u00eb), <strong>Nur<\/strong> (ndri\u00e7im) dhe <strong>Zahra<\/strong> (shk\u00eblqim).<\/p>\n\n\n\n<hr class=\"wp-block-separator has-alpha-channel-opacity\"\/>\n\n\n\n<h3 class=\"wp-block-heading\"><strong>Pop-i, country dhe frym\u00ebzimi amerikan<\/strong><\/h3>\n\n\n\n<p>Lista e hiteve muzikore po sh\u00ebrben gjithashtu si frym\u00ebzim p\u00ebr prind\u00ebrit, ve\u00e7an\u00ebrisht p\u00ebr <strong>emra vajzash q\u00eb pasqyrojn\u00eb gra t\u00eb forta dhe shpreh\u00ebse<\/strong>.<\/p>\n\n\n\n<p>Nd\u00ebrkoh\u00eb, p\u00ebr djemt\u00eb, ndikimi i <strong>muzik\u00ebs country, filmave western dhe serialeve si Yellowstone<\/strong> \u00ebsht\u00eb gjithnj\u00eb e m\u00eb i duksh\u00ebm.<\/p>\n\n\n\n<blockquote class=\"wp-block-quote is-layout-flow wp-block-quote-is-layout-flow\">\n<p><strong>\u201cMe muzik\u00ebn country n\u00eb krye t\u00eb klasifikimeve dhe rikthimin e estetik\u00ebs s\u00eb kovboj\u00ebve, kjo kultur\u00eb po ndikon edhe n\u00eb zgjedhjen e emrave t\u00eb foshnjave,\u201d<\/strong> vler\u00ebsojn\u00eb ekspert\u00ebt.<\/p>\n<\/blockquote>\n\n\n\n<p>Emra me frym\u00ebzim amerikan p\u00ebrfshijn\u00eb: <strong>Caleb, Austin, Luke, Jesse dhe Junior<\/strong>, ky i fundit nj\u00eb hyrje e re n\u00eb <strong>Top 100 emrat p\u00ebr djem n\u00eb 2025<\/strong>, n\u00eb pozit\u00ebn <strong>88<\/strong>.<\/p>\n\n\n\n<hr class=\"wp-block-separator has-alpha-channel-opacity\"\/>\n\n\n\n<h3 class=\"wp-block-heading\"><strong>Emrat q\u00eb u rrit\u00ebn m\u00eb shpejt n\u00eb popullaritet gjat\u00eb 2025<\/strong><\/h3>\n\n\n\n<p><strong>P\u00ebr vajzat<\/strong>:<br><strong>Anaya<\/strong>, <strong>Eliana<\/strong>, <strong>Ayla<\/strong>, <strong>Ruby<\/strong>, <strong>Maeve<\/strong>, <strong>Raya<\/strong>, si dhe <strong>Lara, Emma, Chloe dhe Clara<\/strong>.<\/p>\n\n\n\n<p><strong>P\u00ebr djemt\u00eb<\/strong>:<br><strong>Caleb<\/strong>, <strong>Austin<\/strong>, <strong>Luke<\/strong>, <strong>Jesse<\/strong>, si dhe <strong>Ibrahim, Omar, Kai, Asher, Musa dhe Ali<\/strong>.<\/p>\n\n\n\n<hr class=\"wp-block-separator has-alpha-channel-opacity\"\/>\n\n\n\n<h3 class=\"wp-block-heading\"><strong>Emrat m\u00eb t\u00eb popullarizuar t\u00eb vitit 2025<\/strong><\/h3>\n\n\n\n<p><strong>P\u00ebr vajzat<\/strong>: <strong>Amelia, Olivia, Lily, Ivy, Eliana, Elsie, Freya, Poppy, Ava dhe Mia<\/strong>.<br><strong>P\u00ebr djemt\u00eb<\/strong>: <strong>Muhammad, Noah, Leo, Theo, Luca, Oliver, Ethan, Eli, Arthur dhe George<\/strong>.<\/p>\n","protected":false},"excerpt":{"rendered":"<p>Prind\u00ebrit q\u00eb presin t\u00eb mir\u00ebpresin nj\u00eb foshnj\u00eb n\u00eb vitin 2026 po orientohen gjithnj\u00eb e m\u00eb shum\u00eb nga kultura pop, muzika dhe kuptimi simbolik i emrave. Sipas t\u00eb dh\u00ebnave t\u00eb fundit nga BabyCentre, platforma kryesore britanike p\u00ebr shtatz\u00ebni dhe prind\u00ebrim, yjet e pop-it si Lily Allen, Dua Lipa dhe Olivia Rodrigo, si dhe muzika country, do [&hellip;]<\/p>\n","protected":false},"author":2,"featured_media":3768,"comment_status":"closed","ping_status":"open","sticky":false,"template":"","format":"standard","meta":{"footnotes":""},"categories":[27,2],"tags":[],"class_list":["post-3763","post","type-post","status-publish","format-standard","has-post-thumbnail","hentry","category-pak-per-boten","category-pak-per-shqiptaret","entry daho-fn-article"],"_links":{"self":[{"href":"https:\/\/gegfm.com\/1\/wp-json\/wp\/v2\/posts\/3763","targetHints":{"allow":["GET"]}}],"collection":[{"href":"https:\/\/gegfm.com\/1\/wp-json\/wp\/v2\/posts"}],"about":[{"href":"https:\/\/gegfm.com\/1\/wp-json\/wp\/v2\/types\/post"}],"author":[{"embeddable":true,"href":"https:\/\/gegfm.com\/1\/wp-json\/wp\/v2\/users\/2"}],"replies":[{"embeddable":true,"href":"https:\/\/gegfm.com\/1\/wp-json\/wp\/v2\/comments?post=3763"}],"version-history":[{"count":3,"href":"https:\/\/gegfm.com\/1\/wp-json\/wp\/v2\/posts\/3763\/revisions"}],"predecessor-version":[{"id":3769,"href":"https:\/\/gegfm.com\/1\/wp-json\/wp\/v2\/posts\/3763\/revisions\/3769"}],"wp:featuredmedia":[{"embeddable":true,"href":"https:\/\/gegfm.com\/1\/wp-json\/wp\/v2\/media\/3768"}],"wp:attachment":[{"href":"https:\/\/gegfm.com\/1\/wp-json\/wp\/v2\/media?parent=3763"}],"wp:term":[{"taxonomy":"category","embeddable":true,"href":"https:\/\/gegfm.com\/1\/wp-json\/wp\/v2\/categories?post=3763"},{"taxonomy":"post_tag","embeddable":true,"href":"https:\/\/gegfm.com\/1\/wp-json\/wp\/v2\/tags?post=3763"}],"curies":[{"name":"wp","href":"https:\/\/api.w.org\/{rel}","templated":true}]}}