{"id":3691,"date":"2025-12-30T13:10:16","date_gmt":"2025-12-30T11:10:16","guid":{"rendered":"https:\/\/gegfm.com\/1\/?p=3691"},"modified":"2025-12-30T13:10:16","modified_gmt":"2025-12-30T11:10:16","slug":"posta-e-kosoves-certifikohet-me-standardin-iso","status":"publish","type":"post","link":"https:\/\/gegfm.com\/1\/posta-e-kosoves-certifikohet-me-standardin-iso\/","title":{"rendered":"Posta e Kosov\u00ebs certifikohet me standardin ISO"},"content":{"rendered":"\n<p>Posta e Kosov\u00ebs ka sh\u00ebnuar nj\u00eb hap historik drejt p\u00ebrmir\u00ebsimit t\u00eb sh\u00ebrbimeve, duke u certifikuar me standardin nd\u00ebrkomb\u00ebtar ISO 9001:2015. Ky certifikim tregon se \u00e7do proces operativ \u00ebsht\u00eb rishikuar dhe \u00e7do sh\u00ebrbim \u00ebsht\u00eb b\u00ebr\u00eb m\u00eb i besuesh\u00ebm dhe i standardizuar.<\/p>\n\n\n\n<p>Nga dor\u00ebzimi i letrave t\u00eb thjeshta te paketat e biznesit, qytetar\u00ebt tashm\u00eb mund t\u00eb jen\u00eb t\u00eb sigurt se \u00e7do sh\u00ebrbim \u00ebsht\u00eb i shpejt\u00eb, i sigurt dhe me cil\u00ebsi t\u00eb lart\u00eb. Certifikimi nuk \u00ebsht\u00eb vet\u00ebm nj\u00eb \u00e7ertifikat\u00eb \u2013 \u00ebsht\u00eb nj\u00eb garanci p\u00ebr \u00e7do paket\u00eb dhe \u00e7do let\u00ebr q\u00eb kalon n\u00ebp\u00ebr duart e Post\u00ebs.<\/p>\n\n\n\n<p>Drejtuesit e Post\u00ebs e konsiderojn\u00eb k\u00ebt\u00eb sukses si rezultat t\u00eb nj\u00eb pune t\u00eb koordinuar n\u00eb t\u00eb gjitha nivelet e institucionit. Kontrolli i cil\u00ebsis\u00eb \u00ebsht\u00eb forcuar, dhe \u00e7do proces \u00ebsht\u00eb optimizuar p\u00ebr t\u00eb ofruar sh\u00ebrbime q\u00eb i vendosin qytetar\u00ebt dhe bizneset n\u00eb qend\u00ebr.<\/p>\n\n\n\n<p>Ky certifikim sh\u00ebnon nj\u00eb \u201cepok\u00eb t\u00eb re t\u00eb cil\u00ebsis\u00eb\u201d n\u00eb sh\u00ebrbimet postare n\u00eb Kosov\u00eb, duke hapur nj\u00eb kapitull t\u00eb ri p\u00ebr besueshm\u00ebrin\u00eb, sigurin\u00eb dhe profesionalizmin. Qytetar\u00ebt mund t\u00eb presin eksperienca t\u00eb p\u00ebrmir\u00ebsuara q\u00eb reflektojn\u00eb standardet m\u00eb t\u00eb mira nd\u00ebrkomb\u00ebtare.<\/p>\n","protected":false},"excerpt":{"rendered":"<p>Posta e Kosov\u00ebs ka sh\u00ebnuar nj\u00eb hap historik drejt p\u00ebrmir\u00ebsimit t\u00eb sh\u00ebrbimeve, duke u certifikuar me standardin nd\u00ebrkomb\u00ebtar ISO 9001:2015. Ky certifikim tregon se \u00e7do proces operativ \u00ebsht\u00eb rishikuar dhe \u00e7do sh\u00ebrbim \u00ebsht\u00eb b\u00ebr\u00eb m\u00eb i besuesh\u00ebm dhe i standardizuar. Nga dor\u00ebzimi i letrave t\u00eb thjeshta te paketat e biznesit, qytetar\u00ebt tashm\u00eb mund t\u00eb jen\u00eb [&hellip;]<\/p>\n","protected":false},"author":3,"featured_media":3692,"comment_status":"closed","ping_status":"open","sticky":false,"template":"","format":"standard","meta":{"footnotes":""},"categories":[4],"tags":[],"class_list":["post-3691","post","type-post","status-publish","format-standard","has-post-thumbnail","hentry","category-pak-per-vendin","entry daho-fn-article"],"_links":{"self":[{"href":"https:\/\/gegfm.com\/1\/wp-json\/wp\/v2\/posts\/3691","targetHints":{"allow":["GET"]}}],"collection":[{"href":"https:\/\/gegfm.com\/1\/wp-json\/wp\/v2\/posts"}],"about":[{"href":"https:\/\/gegfm.com\/1\/wp-json\/wp\/v2\/types\/post"}],"author":[{"embeddable":true,"href":"https:\/\/gegfm.com\/1\/wp-json\/wp\/v2\/users\/3"}],"replies":[{"embeddable":true,"href":"https:\/\/gegfm.com\/1\/wp-json\/wp\/v2\/comments?post=3691"}],"version-history":[{"count":1,"href":"https:\/\/gegfm.com\/1\/wp-json\/wp\/v2\/posts\/3691\/revisions"}],"predecessor-version":[{"id":3693,"href":"https:\/\/gegfm.com\/1\/wp-json\/wp\/v2\/posts\/3691\/revisions\/3693"}],"wp:featuredmedia":[{"embeddable":true,"href":"https:\/\/gegfm.com\/1\/wp-json\/wp\/v2\/media\/3692"}],"wp:attachment":[{"href":"https:\/\/gegfm.com\/1\/wp-json\/wp\/v2\/media?parent=3691"}],"wp:term":[{"taxonomy":"category","embeddable":true,"href":"https:\/\/gegfm.com\/1\/wp-json\/wp\/v2\/categories?post=3691"},{"taxonomy":"post_tag","embeddable":true,"href":"https:\/\/gegfm.com\/1\/wp-json\/wp\/v2\/tags?post=3691"}],"curies":[{"name":"wp","href":"https:\/\/api.w.org\/{rel}","templated":true}]}}