{"id":3658,"date":"2025-12-26T12:41:57","date_gmt":"2025-12-26T10:41:57","guid":{"rendered":"https:\/\/gegfm.com\/1\/?p=3658"},"modified":"2025-12-26T12:44:14","modified_gmt":"2025-12-26T10:44:14","slug":"stand-up-fest-4-nis-sonte-ne-gjilan","status":"publish","type":"post","link":"https:\/\/gegfm.com\/1\/stand-up-fest-4-nis-sonte-ne-gjilan\/","title":{"rendered":"STAND UP FEST 4 nis sonte n\u00eb Gjilan"},"content":{"rendered":"\n<p>Stand Up Fest 4 rikthehet n\u00eb Teatrin e Qytetit n\u00eb Gjilan, sonte m\u00eb 26 dhjetor dhe vazhdon m\u00eb 27 dhjetor, nga ora 19:00 deri n\u00eb 21:00. <\/p>\n\n\n\n<p>Ky festival sjell n\u00eb sken\u00eb artin e stand up-it p\u00ebrmes performancave t\u00eb fokusuar, duke ofruar nj\u00eb eksperienc\u00eb t\u00eb pasur humoristike dhe interpretative.<\/p>\n\n\n\n<p>Organizuar nga Organizata \u201cVarg e Vi\u201d, festivali \u00ebsht\u00eb nj\u00eb platform\u00eb ku komedian\u00ebt m\u00eb t\u00eb spikatur ndajn\u00eb tregime, situata dhe ironin\u00eb e p\u00ebrditshm\u00ebris\u00eb me nj\u00eb qasje t\u00eb sofistikuar dhe t\u00eb menduar n\u00eb detaje.<\/p>\n\n\n\n<p><strong>Programi i Stand Up Fest 4:<\/strong><\/p>\n\n\n\n<ul class=\"wp-block-list\">\n<li><strong>Nata e par\u00eb (26 dhjetor):<\/strong> Avni Shkodra, Ernest Zymberi, Euron Fetahu, Flakrim Fejzullahu, Hasim Memishi Sopi, Mentor Shuki, Valina Muqollo.<\/li>\n\n\n\n<li><strong>Nata e dyt\u00eb (27 dhjetor):<\/strong> Alketa Syla, Avni Shkodra, Esat Shabani, Kushtrim Qerimi, Leon Bixhaku, Lulzim Buca, Met Sadria, Nina Sopi.<\/li>\n<\/ul>\n\n\n\n<p>Biletat jan\u00eb n\u00eb dispozicion n\u00eb <strong>rave-travel.com<\/strong>. Sigurohuni t\u00eb rezervoni vendin tuaj p\u00ebr dy net\u00ebt m\u00eb t\u00eb ve\u00e7anta t\u00eb humorit k\u00ebt\u00eb fundvit.<\/p>\n","protected":false},"excerpt":{"rendered":"<p>Stand Up Fest 4 rikthehet n\u00eb Teatrin e Qytetit n\u00eb Gjilan, sonte m\u00eb 26 dhjetor dhe vazhdon m\u00eb 27 dhjetor, nga ora 19:00 deri n\u00eb 21:00. Ky festival sjell n\u00eb sken\u00eb artin e stand up-it p\u00ebrmes performancave t\u00eb fokusuar, duke ofruar nj\u00eb eksperienc\u00eb t\u00eb pasur humoristike dhe interpretative. Organizuar nga Organizata \u201cVarg e Vi\u201d, festivali [&hellip;]<\/p>\n","protected":false},"author":2,"featured_media":3414,"comment_status":"closed","ping_status":"open","sticky":false,"template":"","format":"standard","meta":{"footnotes":""},"categories":[6,25,4],"tags":[],"class_list":["post-3658","post","type-post","status-publish","format-standard","has-post-thumbnail","hentry","category-pak-per-kulturen","category-pak-per-teatrin","category-pak-per-vendin","entry daho-fn-article"],"_links":{"self":[{"href":"https:\/\/gegfm.com\/1\/wp-json\/wp\/v2\/posts\/3658","targetHints":{"allow":["GET"]}}],"collection":[{"href":"https:\/\/gegfm.com\/1\/wp-json\/wp\/v2\/posts"}],"about":[{"href":"https:\/\/gegfm.com\/1\/wp-json\/wp\/v2\/types\/post"}],"author":[{"embeddable":true,"href":"https:\/\/gegfm.com\/1\/wp-json\/wp\/v2\/users\/2"}],"replies":[{"embeddable":true,"href":"https:\/\/gegfm.com\/1\/wp-json\/wp\/v2\/comments?post=3658"}],"version-history":[{"count":2,"href":"https:\/\/gegfm.com\/1\/wp-json\/wp\/v2\/posts\/3658\/revisions"}],"predecessor-version":[{"id":3661,"href":"https:\/\/gegfm.com\/1\/wp-json\/wp\/v2\/posts\/3658\/revisions\/3661"}],"wp:featuredmedia":[{"embeddable":true,"href":"https:\/\/gegfm.com\/1\/wp-json\/wp\/v2\/media\/3414"}],"wp:attachment":[{"href":"https:\/\/gegfm.com\/1\/wp-json\/wp\/v2\/media?parent=3658"}],"wp:term":[{"taxonomy":"category","embeddable":true,"href":"https:\/\/gegfm.com\/1\/wp-json\/wp\/v2\/categories?post=3658"},{"taxonomy":"post_tag","embeddable":true,"href":"https:\/\/gegfm.com\/1\/wp-json\/wp\/v2\/tags?post=3658"}],"curies":[{"name":"wp","href":"https:\/\/api.w.org\/{rel}","templated":true}]}}