{"id":3484,"date":"2025-12-17T15:45:53","date_gmt":"2025-12-17T13:45:53","guid":{"rendered":"https:\/\/gegfm.com\/1\/?p=3484"},"modified":"2025-12-17T15:45:54","modified_gmt":"2025-12-17T13:45:54","slug":"lvv-hap-fushaten-ne-mitrovice-albin-kurti-drejt-gares-edhe-per-nje-mandat","status":"publish","type":"post","link":"https:\/\/gegfm.com\/1\/lvv-hap-fushaten-ne-mitrovice-albin-kurti-drejt-gares-edhe-per-nje-mandat\/","title":{"rendered":"LVV hap fushat\u00ebn n\u00eb Mitrovic\u00eb, Albin Kurti drejt gar\u00ebs edhe p\u00ebr nj\u00eb mandat"},"content":{"rendered":"\n<p>L\u00ebvizja Vet\u00ebvendosje sot hap zyrtarisht fushat\u00ebn zgjedhore p\u00ebr zgjedhjet e jasht\u00ebzakonshme parlamentare me nj\u00eb tubim t\u00eb madh n\u00eb Mitrovic\u00eb. Ngjarja mbahet n\u00eb <strong>Palestr\u00ebn \u201cMinatori\u201d<\/strong> nga ora 19:00, ku pritet pjes\u00ebmarrja e qindra mb\u00ebshtet\u00ebsve dhe drejtuesve t\u00eb partis\u00eb.<\/p>\n\n\n\n<p>Kryeministri n\u00eb detyr\u00eb dhe kandidati p\u00ebr kryeminist\u00ebr nga koalicioni LVV, <strong>Albin Kurti<\/strong>, udh\u00ebheq tubimin dhe prezanton vizionin e koalicionit, duke nxjerr\u00eb n\u00eb pah mesazhin e tij kryesor p\u00ebr nj\u00eb Kosov\u00eb me <strong>\u201cSiguri dhe Begati\u201d<\/strong>.<\/p>\n\n\n\n<p>Ky tubim sh\u00ebnon fillimin e fushat\u00ebs p\u00ebr koalicionin LVV, i cili garon me <strong>numrin 116<\/strong>, duke synuar mobilizimin e qytetar\u00ebve p\u00ebr pjes\u00ebmarrje aktive n\u00eb zgjedhje dhe p\u00ebrforcimin e komunikimit direkt me mb\u00ebshtet\u00ebsit n\u00eb t\u00eb gjith\u00eb vendin.<\/p>\n","protected":false},"excerpt":{"rendered":"<p>L\u00ebvizja Vet\u00ebvendosje sot hap zyrtarisht fushat\u00ebn zgjedhore p\u00ebr zgjedhjet e jasht\u00ebzakonshme parlamentare me nj\u00eb tubim t\u00eb madh n\u00eb Mitrovic\u00eb. Ngjarja mbahet n\u00eb Palestr\u00ebn \u201cMinatori\u201d nga ora 19:00, ku pritet pjes\u00ebmarrja e qindra mb\u00ebshtet\u00ebsve dhe drejtuesve t\u00eb partis\u00eb. Kryeministri n\u00eb detyr\u00eb dhe kandidati p\u00ebr kryeminist\u00ebr nga koalicioni LVV, Albin Kurti, udh\u00ebheq tubimin dhe prezanton vizionin e [&hellip;]<\/p>\n","protected":false},"author":3,"featured_media":3485,"comment_status":"closed","ping_status":"open","sticky":false,"template":"","format":"standard","meta":{"footnotes":""},"categories":[29],"tags":[],"class_list":["post-3484","post","type-post","status-publish","format-standard","has-post-thumbnail","hentry","category-zgjedhjet-2025","entry daho-fn-article"],"_links":{"self":[{"href":"https:\/\/gegfm.com\/1\/wp-json\/wp\/v2\/posts\/3484","targetHints":{"allow":["GET"]}}],"collection":[{"href":"https:\/\/gegfm.com\/1\/wp-json\/wp\/v2\/posts"}],"about":[{"href":"https:\/\/gegfm.com\/1\/wp-json\/wp\/v2\/types\/post"}],"author":[{"embeddable":true,"href":"https:\/\/gegfm.com\/1\/wp-json\/wp\/v2\/users\/3"}],"replies":[{"embeddable":true,"href":"https:\/\/gegfm.com\/1\/wp-json\/wp\/v2\/comments?post=3484"}],"version-history":[{"count":1,"href":"https:\/\/gegfm.com\/1\/wp-json\/wp\/v2\/posts\/3484\/revisions"}],"predecessor-version":[{"id":3486,"href":"https:\/\/gegfm.com\/1\/wp-json\/wp\/v2\/posts\/3484\/revisions\/3486"}],"wp:featuredmedia":[{"embeddable":true,"href":"https:\/\/gegfm.com\/1\/wp-json\/wp\/v2\/media\/3485"}],"wp:attachment":[{"href":"https:\/\/gegfm.com\/1\/wp-json\/wp\/v2\/media?parent=3484"}],"wp:term":[{"taxonomy":"category","embeddable":true,"href":"https:\/\/gegfm.com\/1\/wp-json\/wp\/v2\/categories?post=3484"},{"taxonomy":"post_tag","embeddable":true,"href":"https:\/\/gegfm.com\/1\/wp-json\/wp\/v2\/tags?post=3484"}],"curies":[{"name":"wp","href":"https:\/\/api.w.org\/{rel}","templated":true}]}}