{"id":3417,"date":"2025-12-15T14:03:31","date_gmt":"2025-12-15T12:03:31","guid":{"rendered":"https:\/\/gegfm.com\/1\/?p=3417"},"modified":"2025-12-15T14:04:58","modified_gmt":"2025-12-15T12:04:58","slug":"shkrimtari-ibrahim-kadriu-nderohet-me-cmimin-nderi-i-qytetit-nga-komuna-e-gjilanit","status":"publish","type":"post","link":"https:\/\/gegfm.com\/1\/shkrimtari-ibrahim-kadriu-nderohet-me-cmimin-nderi-i-qytetit-nga-komuna-e-gjilanit\/","title":{"rendered":"Shkrimtari Ibrahim Kadriu nderohet me \u00e7mimin \u201cNderi i Qytetit\u201d nga Komuna e Gjilanit"},"content":{"rendered":"\n<p>N\u00eb nj\u00eb ceremoni t\u00eb ve\u00e7ant\u00eb, shkrimtari i njohur i letrave shqipe, Ibrahim Kadriu, u nderua me \u00e7mimin m\u00eb t\u00eb lart\u00eb q\u00eb Komuna e Gjilanit mund t\u00eb jap\u00eb \u2013 \u201cNderi i Qytetit\u201d. \u00c7mimin ia dor\u00ebzoi Drejtori i Drejtoris\u00eb p\u00ebr Kultur\u00eb, z. Kushtrim Zeqiri, n\u00eb em\u00ebr t\u00eb Kryetarit t\u00eb Komun\u00ebs, z. Alban Hyseni.<\/p>\n\n\n\n<p>Ky nderim vjen si shenj\u00eb mir\u00ebnjohjeje p\u00ebr kontributin e jasht\u00ebzakonsh\u00ebm t\u00eb Kadriut n\u00eb kultur\u00ebn komb\u00ebtare, n\u00eb let\u00ebrsin\u00eb shqipe dhe n\u00eb ruajtjen e kujtes\u00ebs historike e shpirt\u00ebrore t\u00eb popullit ton\u00eb. P\u00ebrmes vepr\u00ebs s\u00eb tij t\u00eb pasur, Kadriu ka shnd\u00ebrruar fjal\u00ebn shqipe n\u00eb nj\u00eb mjet p\u00ebr t\u00eb treguar historin\u00eb, p\u00ebrvojat dhe udh\u00ebtimet shpirt\u00ebrore t\u00eb kombit shqiptar.<\/p>\n\n\n\n<p>Ceremonia u organizua n\u00eb kuad\u00ebr t\u00eb 80-vjetorit t\u00eb jet\u00ebs s\u00eb shkrimtarit, dhe n\u00eb t\u00eb u vler\u00ebsua ve\u00e7an\u00ebrisht libri i tij m\u00eb i fundit, <em>\u201cN\u00ebna e mbi treqind luft\u00ebtar\u00ebve\u201d<\/em>, kushtuar N\u00ebn\u00eb Stan\u00ebs, simbol i sakrific\u00ebs dhe trim\u00ebris\u00eb shqiptare gjat\u00eb luft\u00ebs \u00e7lirimtare.<\/p>\n\n\n\n<p>N\u00eb motivacionin e \u00e7mimit theksohet:<br><em>\u201cN\u00eb nderim dhe mir\u00ebnjohje t\u00eb kontributit t\u00eb dh\u00ebn\u00eb n\u00eb rrug\u00ebtimin e popullit t\u00eb Kosov\u00ebs p\u00ebr Liri, Pavar\u00ebsi dhe Demokraci, e n\u00eb ve\u00e7anti p\u00ebr angazhimin e tij t\u00eb vazhduesh\u00ebm n\u00eb sh\u00ebrbim t\u00eb atdheut dhe kombit p\u00ebrmes letrave shqipe.\u201d<\/em><\/p>\n\n\n\n<p>Ky \u00e7mim \u00ebsht\u00eb nj\u00eb fal\u00ebnderim dhe shprehje respekti p\u00ebr nj\u00eb jet\u00eb t\u00eb t\u00ebr\u00eb t\u00eb kushtuar kultur\u00ebs, artit dhe kombit shqiptar.<\/p>\n\n\n\n<iframe loading=\"lazy\" src=\"https:\/\/www.facebook.com\/plugins\/post.php?href=https%3A%2F%2Fwww.facebook.com%2Fdkrsgjilan%2Fposts%2Fpfbid0UzevA273BjGmc1gVXiDXuteXHgHYnzUbnmC5XXYHqsfdexRo8VbGAzoPm11jXTiAl&#038;show_text=true&#038;width=500\" width=\"500\" height=\"537\" style=\"border:none;overflow:hidden\" scrolling=\"no\" frameborder=\"0\" allowfullscreen=\"true\" allow=\"autoplay; clipboard-write; encrypted-media; picture-in-picture; web-share\"><\/iframe>\n","protected":false},"excerpt":{"rendered":"<p>N\u00eb nj\u00eb ceremoni t\u00eb ve\u00e7ant\u00eb, shkrimtari i njohur i letrave shqipe, Ibrahim Kadriu, u nderua me \u00e7mimin m\u00eb t\u00eb lart\u00eb q\u00eb Komuna e Gjilanit mund t\u00eb jap\u00eb \u2013 \u201cNderi i Qytetit\u201d. \u00c7mimin ia dor\u00ebzoi Drejtori i Drejtoris\u00eb p\u00ebr Kultur\u00eb, z. Kushtrim Zeqiri, n\u00eb em\u00ebr t\u00eb Kryetarit t\u00eb Komun\u00ebs, z. Alban Hyseni. Ky nderim vjen si [&hellip;]<\/p>\n","protected":false},"author":2,"featured_media":3418,"comment_status":"closed","ping_status":"open","sticky":false,"template":"","format":"standard","meta":{"footnotes":""},"categories":[6,4],"tags":[],"class_list":["post-3417","post","type-post","status-publish","format-standard","has-post-thumbnail","hentry","category-pak-per-kulturen","category-pak-per-vendin","entry daho-fn-article"],"_links":{"self":[{"href":"https:\/\/gegfm.com\/1\/wp-json\/wp\/v2\/posts\/3417","targetHints":{"allow":["GET"]}}],"collection":[{"href":"https:\/\/gegfm.com\/1\/wp-json\/wp\/v2\/posts"}],"about":[{"href":"https:\/\/gegfm.com\/1\/wp-json\/wp\/v2\/types\/post"}],"author":[{"embeddable":true,"href":"https:\/\/gegfm.com\/1\/wp-json\/wp\/v2\/users\/2"}],"replies":[{"embeddable":true,"href":"https:\/\/gegfm.com\/1\/wp-json\/wp\/v2\/comments?post=3417"}],"version-history":[{"count":2,"href":"https:\/\/gegfm.com\/1\/wp-json\/wp\/v2\/posts\/3417\/revisions"}],"predecessor-version":[{"id":3420,"href":"https:\/\/gegfm.com\/1\/wp-json\/wp\/v2\/posts\/3417\/revisions\/3420"}],"wp:featuredmedia":[{"embeddable":true,"href":"https:\/\/gegfm.com\/1\/wp-json\/wp\/v2\/media\/3418"}],"wp:attachment":[{"href":"https:\/\/gegfm.com\/1\/wp-json\/wp\/v2\/media?parent=3417"}],"wp:term":[{"taxonomy":"category","embeddable":true,"href":"https:\/\/gegfm.com\/1\/wp-json\/wp\/v2\/categories?post=3417"},{"taxonomy":"post_tag","embeddable":true,"href":"https:\/\/gegfm.com\/1\/wp-json\/wp\/v2\/tags?post=3417"}],"curies":[{"name":"wp","href":"https:\/\/api.w.org\/{rel}","templated":true}]}}