{"id":2958,"date":"2025-11-27T15:35:15","date_gmt":"2025-11-27T13:35:15","guid":{"rendered":"https:\/\/gegfm.com\/1\/?p=2958"},"modified":"2025-11-27T15:35:15","modified_gmt":"2025-11-27T13:35:15","slug":"dy-klube-nje-krenari-derbi-shqiptar-i-evropes-ndez-sonte-stadiumin-fadil-vokrri","status":"publish","type":"post","link":"https:\/\/gegfm.com\/1\/dy-klube-nje-krenari-derbi-shqiptar-i-evropes-ndez-sonte-stadiumin-fadil-vokrri\/","title":{"rendered":"\u201cDy klube, nj\u00eb krenari: Derbi shqiptar i Evrop\u00ebs ndez sonte stadiumin &#8220;Fadil Vokrri&#8221;"},"content":{"rendered":"\n<p>Sonte, stadiumi \u201cFadil Vokrri\u201d n\u00eb Prishtin\u00eb do t\u00eb kthehet n\u00eb nj\u00eb aren\u00eb t\u00eb zjarrt\u00eb, ku dy klube shqiptare historike do t\u00eb p\u00ebrplasen n\u00eb nj\u00eb duel q\u00eb shkon p\u00ebrtej futbollit \u2013 <strong>Drita e Gjilanit p\u00ebrballet me Shk\u00ebndij\u00ebn e Tetov\u00ebs n\u00eb Lig\u00ebn e Konferenc\u00ebs s\u00eb UEFA-s<\/strong>. <\/p>\n\n\n\n<p>Nj\u00eb sfid\u00eb q\u00eb bashkon emocionin, krenarin\u00eb dhe ambicien p\u00ebr t\u00eb shkruar histori n\u00eb garat nd\u00ebrkomb\u00ebtare.<\/p>\n\n\n\n<p><strong>Kryetrajneri i Drit\u00ebs, Zekirija Ramadani<\/strong>, \u00ebsht\u00eb i motivuar para ndeshjes:<br><em>&#8220;Fal\u00eb Zotit dhe ekipit mjek\u00ebsor, arrit\u00ebm ta kompletojm\u00eb skuadr\u00ebn. Tusha tani \u00ebsht\u00eb gati, dhe t\u00eb gjith\u00eb jemi t\u00eb vendosur t\u00eb japim maksimumin. Ndeshja me Shk\u00ebndij\u00ebn \u00ebsht\u00eb nj\u00eb sfid\u00eb e v\u00ebshtir\u00eb, jo vet\u00ebm p\u00ebr kualitetin e tyre, por edhe p\u00ebr presionin e nj\u00eb derbi shqiptar n\u00eb prag t\u00eb 28 N\u00ebntorit, para tifoz\u00ebve tan\u00eb. Do t\u00eb jet\u00eb nj\u00eb mbr\u00ebmje q\u00eb do t\u00eb mbahet mend.&#8221;<\/em><\/p>\n\n\n\n<p><strong>Kapiteni Rron Broja<\/strong> shfaq optimiz\u00ebm dhe besim te skuadra:<br><em>&#8220;Shk\u00ebndija \u00ebsht\u00eb nj\u00eb skuad\u00ebr shum\u00eb cil\u00ebsore, por edhe ne kemi lojtar\u00eb t\u00eb talentuar dhe t\u00eb p\u00ebrgatitur. Synimi yn\u00eb \u00ebsht\u00eb fitorja dhe t\u00eb marrim tre pik\u00ebt, duke krijuar nj\u00eb nat\u00eb historike p\u00ebr Drit\u00ebn. P\u00ebr tifoz\u00ebt tan\u00eb, kjo do t\u00eb jet\u00eb nj\u00eb mbr\u00ebmje e paharrueshme.&#8221;<\/em><\/p>\n\n\n\n<p>Ky derbi shqiptar ka <strong>vler\u00eb t\u00eb madhe n\u00eb tregun futbollistik<\/strong> sipas Transfermarkt: Drita ka nj\u00eb vler\u00eb prej 6,58 milion\u00eb euro, nd\u00ebrsa Shk\u00ebndija arrin 7,1 milion\u00eb euro. Nd\u00ebr lojtar\u00ebt m\u00eb t\u00eb vlefsh\u00ebm t\u00eb Drit\u00ebs spikat mesfushori <strong>Albert Dabiqaj<\/strong>, me nj\u00eb vler\u00eb prej 600 mij\u00eb euro.<\/p>\n\n\n\n<p><strong>P\u00ebr tifoz\u00ebt:<\/strong> Mbi 10 mij\u00eb bileta jan\u00eb shitur deri tani, duke garantuar atmosfer\u00eb elektrizuese nga tribunat deri te fusha. Nj\u00eb dit\u00eb para fest\u00ebs s\u00eb Flamurit, dy skuadra shqiptare p\u00ebrplasen n\u00eb sken\u00ebn nd\u00ebrkomb\u00ebtare, duke ofruar spektak\u00ebl dhe emocione nga minuta e par\u00eb deri n\u00eb fund.<\/p>\n\n\n\n<p><strong>Ndeshja fillon sonte, ora 21:00 n\u00eb Stadiumin \u201cFadil Vokrri\u201d \u2013 nj\u00eb duel q\u00eb askush nuk do ta humbas\u00eb!<\/strong><\/p>\n","protected":false},"excerpt":{"rendered":"<p>Sonte, stadiumi \u201cFadil Vokrri\u201d n\u00eb Prishtin\u00eb do t\u00eb kthehet n\u00eb nj\u00eb aren\u00eb t\u00eb zjarrt\u00eb, ku dy klube shqiptare historike do t\u00eb p\u00ebrplasen n\u00eb nj\u00eb duel q\u00eb shkon p\u00ebrtej futbollit \u2013 Drita e Gjilanit p\u00ebrballet me Shk\u00ebndij\u00ebn e Tetov\u00ebs n\u00eb Lig\u00ebn e Konferenc\u00ebs s\u00eb UEFA-s. Nj\u00eb sfid\u00eb q\u00eb bashkon emocionin, krenarin\u00eb dhe ambicien p\u00ebr t\u00eb shkruar [&hellip;]<\/p>\n","protected":false},"author":2,"featured_media":2959,"comment_status":"closed","ping_status":"open","sticky":false,"template":"","format":"standard","meta":{"footnotes":""},"categories":[7,4],"tags":[],"class_list":["post-2958","post","type-post","status-publish","format-standard","has-post-thumbnail","hentry","category-pak-per-sportin","category-pak-per-vendin","entry daho-fn-article"],"_links":{"self":[{"href":"https:\/\/gegfm.com\/1\/wp-json\/wp\/v2\/posts\/2958","targetHints":{"allow":["GET"]}}],"collection":[{"href":"https:\/\/gegfm.com\/1\/wp-json\/wp\/v2\/posts"}],"about":[{"href":"https:\/\/gegfm.com\/1\/wp-json\/wp\/v2\/types\/post"}],"author":[{"embeddable":true,"href":"https:\/\/gegfm.com\/1\/wp-json\/wp\/v2\/users\/2"}],"replies":[{"embeddable":true,"href":"https:\/\/gegfm.com\/1\/wp-json\/wp\/v2\/comments?post=2958"}],"version-history":[{"count":1,"href":"https:\/\/gegfm.com\/1\/wp-json\/wp\/v2\/posts\/2958\/revisions"}],"predecessor-version":[{"id":2960,"href":"https:\/\/gegfm.com\/1\/wp-json\/wp\/v2\/posts\/2958\/revisions\/2960"}],"wp:featuredmedia":[{"embeddable":true,"href":"https:\/\/gegfm.com\/1\/wp-json\/wp\/v2\/media\/2959"}],"wp:attachment":[{"href":"https:\/\/gegfm.com\/1\/wp-json\/wp\/v2\/media?parent=2958"}],"wp:term":[{"taxonomy":"category","embeddable":true,"href":"https:\/\/gegfm.com\/1\/wp-json\/wp\/v2\/categories?post=2958"},{"taxonomy":"post_tag","embeddable":true,"href":"https:\/\/gegfm.com\/1\/wp-json\/wp\/v2\/tags?post=2958"}],"curies":[{"name":"wp","href":"https:\/\/api.w.org\/{rel}","templated":true}]}}