{"id":2868,"date":"2025-11-21T15:14:25","date_gmt":"2025-11-21T13:14:25","guid":{"rendered":"https:\/\/gegfm.com\/1\/?p=2868"},"modified":"2025-11-21T15:14:26","modified_gmt":"2025-11-21T13:14:26","slug":"baleti-kombetar-i-kosoves-shfaq-carmina-burana-ne-skenat-prestigjioze-italiane","status":"publish","type":"post","link":"https:\/\/gegfm.com\/1\/baleti-kombetar-i-kosoves-shfaq-carmina-burana-ne-skenat-prestigjioze-italiane\/","title":{"rendered":"Baleti Komb\u00ebtar i Kosov\u00ebs shfaq \u201cCarmina Burana\u201d n\u00eb skenat prestigjioze italiane"},"content":{"rendered":"\n<p>Pas jehon\u00ebs s\u00eb madhe q\u00eb pati n\u00eb Prishtin\u00eb, Baleti Komb\u00ebtar i Kosov\u00ebs \u00ebsht\u00eb gati t\u00eb pushtoj\u00eb skenat italiane me kantat\u00ebn skenike <strong>\u201cCarmina Burana\u201d<\/strong>, me koreografi nga Toni Candeloro. Ky projekt monumentale, q\u00eb bashkon fuqin\u00eb e Filharmonis\u00eb s\u00eb Kosov\u00ebs dhe Oper\u00ebs s\u00eb Kosov\u00ebs, ka t\u00ebrhequr v\u00ebmendjen p\u00ebr m\u00ebnyr\u00ebn e jasht\u00ebzakonshme se si nd\u00ebrthur muzik\u00ebn korale me energjin\u00eb e vall\u00ebzimit modern.<\/p>\n\n\n\n<p>M\u00eb 29 n\u00ebntor, trupa do t\u00eb performoj\u00eb n\u00eb Venecia me ftes\u00eb nga festivali prestigjioz <strong>\u201cVeneziainDanza\u201d<\/strong>, nj\u00eb mund\u00ebsi e rrall\u00eb p\u00ebr t\u2019u prezantuar para nj\u00eb audience nd\u00ebrkomb\u00ebtare dhe kritik\u00ebve m\u00eb t\u00eb njohur t\u00eb baletit. Dy dit\u00eb m\u00eb von\u00eb, m\u00eb 1 dhjetor, shfaqja do t\u00eb zhvendoset n\u00eb <strong>Potenza<\/strong>, duke sjell\u00eb n\u00eb Itali nj\u00eb nga krijimet m\u00eb t\u00eb m\u00ebdha t\u00eb Baletit Komb\u00ebtar t\u00eb Kosov\u00ebs.<\/p>\n\n\n\n<p>Premiera e \u201cCarmina Burana\u201d u zhvillua n\u00eb qershor n\u00eb Prishtin\u00eb dhe u prit me vler\u00ebsime t\u00eb larta nga publiku dhe kritika, duke sh\u00ebnuar nj\u00eb nga momentet m\u00eb t\u00eb r\u00ebnd\u00ebsishme t\u00eb sken\u00ebs artistike kosovare k\u00ebt\u00eb vit. P\u00ebrve\u00e7 muzik\u00ebs dhe koreografis\u00eb, performanca ka t\u00ebrhequr v\u00ebmendje p\u00ebr vizualitetin dhe energjin\u00eb dramatike q\u00eb p\u00ebrcjell \u00e7do k\u00ebrcim dhe interpretim.<\/p>\n\n\n\n<p>Ky udh\u00ebtim n\u00eb Itali jo vet\u00ebm q\u00eb konsolidon reputacionin e Baletit Komb\u00ebtar t\u00eb Kosov\u00ebs, por edhe e afirmon sken\u00ebn artistike kosovare si nj\u00eb aktor serioz dhe kreativ n\u00eb aren\u00ebn nd\u00ebrkomb\u00ebtare t\u00eb kultur\u00ebs.<\/p>\n","protected":false},"excerpt":{"rendered":"<p>Pas jehon\u00ebs s\u00eb madhe q\u00eb pati n\u00eb Prishtin\u00eb, Baleti Komb\u00ebtar i Kosov\u00ebs \u00ebsht\u00eb gati t\u00eb pushtoj\u00eb skenat italiane me kantat\u00ebn skenike \u201cCarmina Burana\u201d, me koreografi nga Toni Candeloro. Ky projekt monumentale, q\u00eb bashkon fuqin\u00eb e Filharmonis\u00eb s\u00eb Kosov\u00ebs dhe Oper\u00ebs s\u00eb Kosov\u00ebs, ka t\u00ebrhequr v\u00ebmendjen p\u00ebr m\u00ebnyr\u00ebn e jasht\u00ebzakonshme se si nd\u00ebrthur muzik\u00ebn korale me [&hellip;]<\/p>\n","protected":false},"author":3,"featured_media":2869,"comment_status":"closed","ping_status":"open","sticky":false,"template":"","format":"standard","meta":{"footnotes":""},"categories":[6,4],"tags":[],"class_list":["post-2868","post","type-post","status-publish","format-standard","has-post-thumbnail","hentry","category-pak-per-kulturen","category-pak-per-vendin","entry daho-fn-article"],"_links":{"self":[{"href":"https:\/\/gegfm.com\/1\/wp-json\/wp\/v2\/posts\/2868","targetHints":{"allow":["GET"]}}],"collection":[{"href":"https:\/\/gegfm.com\/1\/wp-json\/wp\/v2\/posts"}],"about":[{"href":"https:\/\/gegfm.com\/1\/wp-json\/wp\/v2\/types\/post"}],"author":[{"embeddable":true,"href":"https:\/\/gegfm.com\/1\/wp-json\/wp\/v2\/users\/3"}],"replies":[{"embeddable":true,"href":"https:\/\/gegfm.com\/1\/wp-json\/wp\/v2\/comments?post=2868"}],"version-history":[{"count":1,"href":"https:\/\/gegfm.com\/1\/wp-json\/wp\/v2\/posts\/2868\/revisions"}],"predecessor-version":[{"id":2870,"href":"https:\/\/gegfm.com\/1\/wp-json\/wp\/v2\/posts\/2868\/revisions\/2870"}],"wp:featuredmedia":[{"embeddable":true,"href":"https:\/\/gegfm.com\/1\/wp-json\/wp\/v2\/media\/2869"}],"wp:attachment":[{"href":"https:\/\/gegfm.com\/1\/wp-json\/wp\/v2\/media?parent=2868"}],"wp:term":[{"taxonomy":"category","embeddable":true,"href":"https:\/\/gegfm.com\/1\/wp-json\/wp\/v2\/categories?post=2868"},{"taxonomy":"post_tag","embeddable":true,"href":"https:\/\/gegfm.com\/1\/wp-json\/wp\/v2\/tags?post=2868"}],"curies":[{"name":"wp","href":"https:\/\/api.w.org\/{rel}","templated":true}]}}