{"id":2747,"date":"2025-11-15T15:33:58","date_gmt":"2025-11-15T13:33:58","guid":{"rendered":"https:\/\/gegfm.com\/1\/?p=2747"},"modified":"2025-11-15T15:33:59","modified_gmt":"2025-11-15T13:33:59","slug":"shqiperia-investon-fuqishem-ne-jug-muze-nenujor-restaurime-historike-dhe-infrastrukture-te-re-per-ta-ngritur-turizmin-ne-nivel-tjeter","status":"publish","type":"post","link":"https:\/\/gegfm.com\/1\/shqiperia-investon-fuqishem-ne-jug-muze-nenujor-restaurime-historike-dhe-infrastrukture-te-re-per-ta-ngritur-turizmin-ne-nivel-tjeter\/","title":{"rendered":"Shqip\u00ebria investon fuqish\u00ebm n\u00eb jug \u2013 muze n\u00ebnujor, restaurime historike dhe infrastruktur\u00eb t\u00eb re p\u00ebr ta ngritur turizmin n\u00eb nivel tjet\u00ebr"},"content":{"rendered":"\n<p>Shqip\u00ebria po ec\u00ebn drejt nj\u00eb faze t\u00eb re transformimi turistik, me fokus t\u00eb ve\u00e7ant\u00eb n\u00eb jugun e vendit. Sipas \u201cTravel and Tour World\u201d, investimet e m\u00ebdha n\u00eb infrastruktur\u00eb, urbanizim dhe sh\u00ebrbime publike synojn\u00eb t\u00eb p\u00ebrmir\u00ebsojn\u00eb as p\u00ebrvoj\u00ebn e turist\u00ebve, as cil\u00ebsin\u00eb e jet\u00ebs p\u00ebr komunitetet lokale. Projekti kap vler\u00ebn prej <strong>70 milion\u00eb eurosh<\/strong>, nd\u00ebrsa po krijon themele t\u00eb reja p\u00ebr zhvillimin afatgjat\u00eb t\u00eb industris\u00eb s\u00eb turizmit.<\/p>\n\n\n\n<hr class=\"wp-block-separator has-alpha-channel-opacity\"\/>\n\n\n\n<h3 class=\"wp-block-heading\"><strong>Infrastruktura e re \u2013 baz\u00eb p\u00ebr turizmin modern<\/strong><\/h3>\n\n\n\n<p>Rritja e fluksit t\u00eb turist\u00ebve n\u00eb bregdetin jugor ka shtyr\u00eb investime n\u00eb rrug\u00eb t\u00eb reja, akses m\u00eb t\u00eb mir\u00eb dhe sh\u00ebrbime publike m\u00eb funksionale. Fokus i projekteve \u00ebsht\u00eb:<\/p>\n\n\n\n<ul class=\"wp-block-list\">\n<li>p\u00ebrmir\u00ebsimi i leht\u00ebsirave kryesore<\/li>\n\n\n\n<li>zgjerimi i infrastruktur\u00ebs turistike<\/li>\n\n\n\n<li>rritja e aksesueshm\u00ebris\u00eb<\/li>\n\n\n\n<li>nd\u00ebrtimi i hap\u00ebsirave t\u00eb reja urbane dhe rekreative<\/li>\n<\/ul>\n\n\n\n<p>Q\u00ebllimi \u00ebsht\u00eb t\u00eb p\u00ebrballohet k\u00ebrkesa n\u00eb rritje dhe t\u00eb krijohen mund\u00ebsi m\u00eb t\u00eb mira ekonomike p\u00ebr banor\u00ebt e zonave turistike.<\/p>\n\n\n\n<hr class=\"wp-block-separator has-alpha-channel-opacity\"\/>\n\n\n\n<h3 class=\"wp-block-heading\"><strong>Muzeu n\u00ebnujor \u2013 projekti q\u00eb pritet t\u00eb t\u00ebrheq\u00eb bot\u00ebn<\/strong><\/h3>\n\n\n\n<p>Jugu i Shqip\u00ebris\u00eb do t\u00eb b\u00ebhet sht\u00ebpia e <strong>muzeut t\u00eb par\u00eb n\u00ebnujor<\/strong> n\u00eb vend \u2013 nj\u00eb atraksion unik q\u00eb pritet t\u00eb t\u00ebrheq\u00eb vizitor\u00eb nga e gjith\u00eb bota. Muzeu do t\u00eb ekspozoj\u00eb:<\/p>\n\n\n\n<ul class=\"wp-block-list\">\n<li>objekte historike t\u00eb zhytura<\/li>\n\n\n\n<li>anije t\u00eb lashta t\u00eb mbytura<\/li>\n\n\n\n<li>zona arkeologjike n\u00ebnujore<\/li>\n\n\n\n<li>biodiversitetin detar t\u00eb Mesdheut<\/li>\n<\/ul>\n\n\n\n<p>Ky projekt kombinon arkeologjin\u00eb, aventur\u00ebn dhe teknologjin\u00eb, duke ofruar nj\u00eb p\u00ebrvoj\u00eb t\u00ebr\u00ebsisht t\u00eb re p\u00ebr turist\u00ebt dhe nj\u00eb nxitje t\u00eb fort\u00eb p\u00ebr ekoturizmin.<\/p>\n\n\n\n<hr class=\"wp-block-separator has-alpha-channel-opacity\"\/>\n\n\n\n<h3 class=\"wp-block-heading\"><strong>Restaurimi i kalave dhe shpellave \u2013 ruajtja e historis\u00eb shqiptare<\/strong><\/h3>\n\n\n\n<p>Nj\u00eb pjes\u00eb e fondit, e mb\u00ebshtetur nga Banka Bot\u00ebrore, shkon p\u00ebr restaurimin e disa prej monumenteve m\u00eb t\u00eb r\u00ebnd\u00ebsishme:<\/p>\n\n\n\n<ul class=\"wp-block-list\">\n<li>Qafa e Llogaras\u00eb<\/li>\n\n\n\n<li>Parku Komb\u00ebtar Butrint<\/li>\n\n\n\n<li>k\u00ebshtjellat e Rivier\u00ebs Shqiptare<\/li>\n<\/ul>\n\n\n\n<p>Synimi \u00ebsht\u00eb ruajtja e trash\u00ebgimis\u00eb kulturore, rritja e aksesit p\u00ebr turist\u00ebt dhe mbrojtja e k\u00ebtyre vendeve p\u00ebr brezat e ardhsh\u00ebm. Restaurimet shoq\u00ebrohen edhe me p\u00ebrmir\u00ebsime t\u00eb infrastruktur\u00ebs p\u00ebrcjell\u00ebse.<\/p>\n\n\n\n<hr class=\"wp-block-separator has-alpha-channel-opacity\"\/>\n\n\n\n<h3 class=\"wp-block-heading\"><strong>Produkte t\u00eb reja turistike \u2013 nga aventura te kultura<\/strong><\/h3>\n\n\n\n<p>Qeveria shqiptare ka ndar\u00eb <strong>8.6 milion\u00eb euro<\/strong> p\u00ebr marketing dhe zhvillim t\u00eb produkteve t\u00eb reja:<\/p>\n\n\n\n<ul class=\"wp-block-list\">\n<li>turiz\u00ebm aventuresk<\/li>\n\n\n\n<li>ecje dhe sh\u00ebtitje me bi\u00e7iklet\u00eb<\/li>\n\n\n\n<li>ture kulturore<\/li>\n\n\n\n<li>promovim t\u00eb vendeve natyrore dhe historike<\/li>\n<\/ul>\n\n\n\n<p>Q\u00ebllimi \u00ebsht\u00eb ta b\u00ebj\u00eb Shqip\u00ebrin\u00eb destinacion gjat\u00eb gjith\u00eb vitit dhe t\u00eb t\u00ebrheq\u00eb nj\u00eb gam\u00eb t\u00eb gjer\u00eb vizitor\u00ebsh \u2013 nga aventurier\u00ebt te adhuruesit e kultur\u00ebs.<\/p>\n\n\n\n<hr class=\"wp-block-separator has-alpha-channel-opacity\"\/>\n\n\n\n<h3 class=\"wp-block-heading\"><strong>Efekti ekonomik \u2013 rritje, pun\u00ebsim dhe zhvillim lokal<\/strong><\/h3>\n\n\n\n<p>Investimet pritet t\u00eb gjenerojn\u00eb:<\/p>\n\n\n\n<ul class=\"wp-block-list\">\n<li>m\u00eb shum\u00eb vende pune<\/li>\n\n\n\n<li>m\u00eb shum\u00eb k\u00ebrkes\u00eb p\u00ebr akomodim dhe gastronomi<\/li>\n\n\n\n<li>m\u00eb shum\u00eb biznes p\u00ebr zonat bregdetare<\/li>\n\n\n\n<li>zhvillim t\u00eb q\u00ebndruesh\u00ebm ekonomik n\u00eb rajon<\/li>\n<\/ul>\n\n\n\n<p>Shqip\u00ebria synon t\u00eb pozicionohet si destinacion konkurrues n\u00eb rajonin e Mesdheut, duke shfryt\u00ebzuar potencialin natyror dhe historik.<\/p>\n\n\n\n<hr class=\"wp-block-separator has-alpha-channel-opacity\"\/>\n\n\n\n<h3 class=\"wp-block-heading\"><strong>Afati \u2013 projektet pritet t\u00eb p\u00ebrfundojn\u00eb deri n\u00eb ver\u00ebn 2026<\/strong><\/h3>\n\n\n\n<p>Me muzeun n\u00ebnujor, restaurimet historike dhe infrastruktur\u00ebn e re q\u00eb po p\u00ebrfundon, Shqip\u00ebria pret t\u00eb t\u00ebrheq\u00eb nj\u00eb num\u00ebr rekord turist\u00ebsh dhe t\u00eb kthehet n\u00eb nj\u00eb prej destinacioneve m\u00eb t\u00eb k\u00ebrkuara n\u00eb Evrop\u00eb.<\/p>\n","protected":false},"excerpt":{"rendered":"<p>Shqip\u00ebria po ec\u00ebn drejt nj\u00eb faze t\u00eb re transformimi turistik, me fokus t\u00eb ve\u00e7ant\u00eb n\u00eb jugun e vendit. Sipas \u201cTravel and Tour World\u201d, investimet e m\u00ebdha n\u00eb infrastruktur\u00eb, urbanizim dhe sh\u00ebrbime publike synojn\u00eb t\u00eb p\u00ebrmir\u00ebsojn\u00eb as p\u00ebrvoj\u00ebn e turist\u00ebve, as cil\u00ebsin\u00eb e jet\u00ebs p\u00ebr komunitetet lokale. Projekti kap vler\u00ebn prej 70 milion\u00eb eurosh, nd\u00ebrsa po [&hellip;]<\/p>\n","protected":false},"author":1,"featured_media":2748,"comment_status":"closed","ping_status":"open","sticky":false,"template":"","format":"standard","meta":{"footnotes":""},"categories":[6,2,4],"tags":[],"class_list":["post-2747","post","type-post","status-publish","format-standard","has-post-thumbnail","hentry","category-pak-per-kulturen","category-pak-per-shqiptaret","category-pak-per-vendin","entry daho-fn-article"],"_links":{"self":[{"href":"https:\/\/gegfm.com\/1\/wp-json\/wp\/v2\/posts\/2747","targetHints":{"allow":["GET"]}}],"collection":[{"href":"https:\/\/gegfm.com\/1\/wp-json\/wp\/v2\/posts"}],"about":[{"href":"https:\/\/gegfm.com\/1\/wp-json\/wp\/v2\/types\/post"}],"author":[{"embeddable":true,"href":"https:\/\/gegfm.com\/1\/wp-json\/wp\/v2\/users\/1"}],"replies":[{"embeddable":true,"href":"https:\/\/gegfm.com\/1\/wp-json\/wp\/v2\/comments?post=2747"}],"version-history":[{"count":1,"href":"https:\/\/gegfm.com\/1\/wp-json\/wp\/v2\/posts\/2747\/revisions"}],"predecessor-version":[{"id":2749,"href":"https:\/\/gegfm.com\/1\/wp-json\/wp\/v2\/posts\/2747\/revisions\/2749"}],"wp:featuredmedia":[{"embeddable":true,"href":"https:\/\/gegfm.com\/1\/wp-json\/wp\/v2\/media\/2748"}],"wp:attachment":[{"href":"https:\/\/gegfm.com\/1\/wp-json\/wp\/v2\/media?parent=2747"}],"wp:term":[{"taxonomy":"category","embeddable":true,"href":"https:\/\/gegfm.com\/1\/wp-json\/wp\/v2\/categories?post=2747"},{"taxonomy":"post_tag","embeddable":true,"href":"https:\/\/gegfm.com\/1\/wp-json\/wp\/v2\/tags?post=2747"}],"curies":[{"name":"wp","href":"https:\/\/api.w.org\/{rel}","templated":true}]}}