{"id":2511,"date":"2025-11-04T14:24:53","date_gmt":"2025-11-04T12:24:53","guid":{"rendered":"https:\/\/gegfm.com\/1\/?p=2511"},"modified":"2025-11-04T14:24:54","modified_gmt":"2025-11-04T12:24:54","slug":"bashke-per-gjilanin-per-ta-vulosur-fitoren-alban-hyseni-fton-qytetaret-ne-tubim","status":"publish","type":"post","link":"https:\/\/gegfm.com\/1\/bashke-per-gjilanin-per-ta-vulosur-fitoren-alban-hyseni-fton-qytetaret-ne-tubim\/","title":{"rendered":"&#8220;Bashk\u00eb p\u00ebr Gjilanin, p\u00ebr ta vulosur fitoren&#8221;, Alban Hyseni fton qytetar\u00ebt n\u00eb tubim"},"content":{"rendered":"\n<p>Gjilan, 4 n\u00ebntor 2025 \u2013 Kandidati i L\u00ebvizjes Vet\u00ebvendosje p\u00ebr kryetar t\u00eb Komun\u00ebs s\u00eb Gjilanit, Alban Hyseni, ka ftuar qytetar\u00ebt e qytetit t\u00eb marrin pjes\u00eb n\u00eb tubimin q\u00eb do t\u00eb mbahet sot, e mart\u00eb, m\u00eb 4 n\u00ebntor, n\u00eb Teatrin e Qytetit n\u00eb Gjilan, duke filluar nga ora 16:30.<\/p>\n\n\n\n<p>N\u00eb k\u00ebt\u00eb tubim do t\u00eb jen\u00eb t\u00eb pranish\u00ebm edhe figura ky\u00e7e t\u00eb L\u00ebvizjes Vet\u00ebvendosje, p\u00ebrfshir\u00eb n\u00ebnkryetaren e partis\u00eb dhe e Kuvendit, Albulena Haxhiu, si dhe deputeten Arjeta Rexhepi.<\/p>\n\n\n\n<p>P\u00ebrmes nj\u00eb postimi n\u00eb rrjetet sociale, Hyseni u ka b\u00ebr\u00eb thirrje qytetar\u00ebve:<br><em>&#8220;Qytetar\u00eb t\u00eb dashur t\u00eb Gjilanit, ju ftojm\u00eb sot n\u00eb or\u00ebn 16:30 n\u00eb tubimin ton\u00eb p\u00ebr t\u00eb sh\u00ebnuar fitoren e madhe. Bashk\u00eb p\u00ebr Gjilanin, p\u00ebr ta vulosur fitoren!&#8221;<\/em><\/p>\n\n\n\n<iframe loading=\"lazy\" src=\"https:\/\/www.facebook.com\/plugins\/post.php?href=https%3A%2F%2Fwww.facebook.com%2Falbanhysenilvv%2Fposts%2Fpfbid0JHShqJzRSfSB6JfHmZ1oBX4kHj4BENxfzJjR6qitXUWeVEqtc8og1N77FN47MCzTl&#038;show_text=true&#038;width=500\" width=\"500\" height=\"634\" style=\"border:none;overflow:hidden\" scrolling=\"no\" frameborder=\"0\" allowfullscreen=\"true\" allow=\"autoplay; clipboard-write; encrypted-media; picture-in-picture; web-share\"><\/iframe>\n","protected":false},"excerpt":{"rendered":"<p>Gjilan, 4 n\u00ebntor 2025 \u2013 Kandidati i L\u00ebvizjes Vet\u00ebvendosje p\u00ebr kryetar t\u00eb Komun\u00ebs s\u00eb Gjilanit, Alban Hyseni, ka ftuar qytetar\u00ebt e qytetit t\u00eb marrin pjes\u00eb n\u00eb tubimin q\u00eb do t\u00eb mbahet sot, e mart\u00eb, m\u00eb 4 n\u00ebntor, n\u00eb Teatrin e Qytetit n\u00eb Gjilan, duke filluar nga ora 16:30. N\u00eb k\u00ebt\u00eb tubim do t\u00eb jen\u00eb t\u00eb [&hellip;]<\/p>\n","protected":false},"author":2,"featured_media":2512,"comment_status":"closed","ping_status":"open","sticky":false,"template":"","format":"standard","meta":{"footnotes":""},"categories":[4,29],"tags":[],"class_list":["post-2511","post","type-post","status-publish","format-standard","has-post-thumbnail","hentry","category-pak-per-vendin","category-zgjedhjet-2025","entry daho-fn-article"],"_links":{"self":[{"href":"https:\/\/gegfm.com\/1\/wp-json\/wp\/v2\/posts\/2511","targetHints":{"allow":["GET"]}}],"collection":[{"href":"https:\/\/gegfm.com\/1\/wp-json\/wp\/v2\/posts"}],"about":[{"href":"https:\/\/gegfm.com\/1\/wp-json\/wp\/v2\/types\/post"}],"author":[{"embeddable":true,"href":"https:\/\/gegfm.com\/1\/wp-json\/wp\/v2\/users\/2"}],"replies":[{"embeddable":true,"href":"https:\/\/gegfm.com\/1\/wp-json\/wp\/v2\/comments?post=2511"}],"version-history":[{"count":1,"href":"https:\/\/gegfm.com\/1\/wp-json\/wp\/v2\/posts\/2511\/revisions"}],"predecessor-version":[{"id":2513,"href":"https:\/\/gegfm.com\/1\/wp-json\/wp\/v2\/posts\/2511\/revisions\/2513"}],"wp:featuredmedia":[{"embeddable":true,"href":"https:\/\/gegfm.com\/1\/wp-json\/wp\/v2\/media\/2512"}],"wp:attachment":[{"href":"https:\/\/gegfm.com\/1\/wp-json\/wp\/v2\/media?parent=2511"}],"wp:term":[{"taxonomy":"category","embeddable":true,"href":"https:\/\/gegfm.com\/1\/wp-json\/wp\/v2\/categories?post=2511"},{"taxonomy":"post_tag","embeddable":true,"href":"https:\/\/gegfm.com\/1\/wp-json\/wp\/v2\/tags?post=2511"}],"curies":[{"name":"wp","href":"https:\/\/api.w.org\/{rel}","templated":true}]}}