{"id":2406,"date":"2025-10-30T15:24:57","date_gmt":"2025-10-30T13:24:57","guid":{"rendered":"https:\/\/gegfm.com\/1\/?p=2406"},"modified":"2025-10-30T15:24:58","modified_gmt":"2025-10-30T13:24:58","slug":"tingujt-e-frymes-mbushin-parkun-bojanina-kete-te-diel-ne-gjilan","status":"publish","type":"post","link":"https:\/\/gegfm.com\/1\/tingujt-e-frymes-mbushin-parkun-bojanina-kete-te-diel-ne-gjilan\/","title":{"rendered":"Tingujt e Frym\u00ebs mbushin parkun \u201cBojanina\u201d k\u00ebt\u00eb t\u00eb diel n\u00eb Gjilan"},"content":{"rendered":"\n<p>N\u00eb nj\u00eb pasdite t\u00eb fresk\u00ebt t\u00eb n\u00ebntorit, parkun <strong>\u201cBojanina\u201d<\/strong> n\u00eb Gjilan do ta mbushin tingujt magjik\u00eb t\u00eb frym\u00ebs. <strong>Orkestra Frymore \u201cSelman Vokshi\u201d<\/strong> do t\u00eb ngjis\u00eb sken\u00ebn n\u00eb or\u00ebn 14:00 k\u00ebt\u00eb t\u00eb diel, duke krijuar nj\u00eb atmosfer\u00eb q\u00eb fton t\u00eb gjith\u00eb qytetar\u00ebt t\u00eb ndihen pjes\u00eb e muzik\u00ebs dhe artit.<\/p>\n\n\n\n<p>Ky moment nuk \u00ebsht\u00eb thjesht nj\u00eb koncert \u2013 \u00ebsht\u00eb nj\u00eb udh\u00ebtim p\u00ebrmes melodive q\u00eb bashkon t\u00eb rinjt\u00eb, t\u00eb moshuarit, familjet dhe miqt\u00eb n\u00ebn ritmet e orkestr\u00ebs frymore. Nj\u00eb pasdite ku muzika kthehet n\u00eb ur\u00eb q\u00eb lidh hap\u00ebsirat publike me energjin\u00eb e qytetit.<\/p>\n\n\n\n<p>Performanca zhvillohet n\u00eb kuad\u00ebr t\u00eb projektit <strong>\u201cArt for Everyone\u201d<\/strong>, nj\u00eb iniciativ\u00eb e <strong>Varg e Vi<\/strong> me mb\u00ebshtetje nga <strong>GIZ-i<\/strong>, e cila synon <strong>t\u00eb rindez\u00eb jet\u00ebn kulturore n\u00eb hap\u00ebsirat publike<\/strong> dhe t\u00eb nxis\u00eb p\u00ebrfshirjen e t\u00eb gjith\u00ebve n\u00eb aktivitetet artistike.<\/p>\n\n\n\n<p>Pra, k\u00ebt\u00eb t\u00eb diel, nd\u00ebrsa dielli nis t\u00eb per\u00ebndoj\u00eb mbi Gjilan, parku \u201cBojanina\u201d do t\u00eb b\u00ebhet skena ku muzika frymore merr jet\u00eb, dhe qytetar\u00ebt b\u00ebhen pjes\u00eb e nj\u00eb eksperienc\u00eb q\u00eb ngroh zemrat dhe mbush shpirtin me art.<\/p>\n","protected":false},"excerpt":{"rendered":"<p>N\u00eb nj\u00eb pasdite t\u00eb fresk\u00ebt t\u00eb n\u00ebntorit, parkun \u201cBojanina\u201d n\u00eb Gjilan do ta mbushin tingujt magjik\u00eb t\u00eb frym\u00ebs. Orkestra Frymore \u201cSelman Vokshi\u201d do t\u00eb ngjis\u00eb sken\u00ebn n\u00eb or\u00ebn 14:00 k\u00ebt\u00eb t\u00eb diel, duke krijuar nj\u00eb atmosfer\u00eb q\u00eb fton t\u00eb gjith\u00eb qytetar\u00ebt t\u00eb ndihen pjes\u00eb e muzik\u00ebs dhe artit. Ky moment nuk \u00ebsht\u00eb thjesht nj\u00eb koncert [&hellip;]<\/p>\n","protected":false},"author":3,"featured_media":2407,"comment_status":"closed","ping_status":"open","sticky":false,"template":"","format":"standard","meta":{"footnotes":""},"categories":[6,26,4],"tags":[],"class_list":["post-2406","post","type-post","status-publish","format-standard","has-post-thumbnail","hentry","category-pak-per-kulturen","category-pak-per-muziken","category-pak-per-vendin","entry daho-fn-article"],"_links":{"self":[{"href":"https:\/\/gegfm.com\/1\/wp-json\/wp\/v2\/posts\/2406","targetHints":{"allow":["GET"]}}],"collection":[{"href":"https:\/\/gegfm.com\/1\/wp-json\/wp\/v2\/posts"}],"about":[{"href":"https:\/\/gegfm.com\/1\/wp-json\/wp\/v2\/types\/post"}],"author":[{"embeddable":true,"href":"https:\/\/gegfm.com\/1\/wp-json\/wp\/v2\/users\/3"}],"replies":[{"embeddable":true,"href":"https:\/\/gegfm.com\/1\/wp-json\/wp\/v2\/comments?post=2406"}],"version-history":[{"count":1,"href":"https:\/\/gegfm.com\/1\/wp-json\/wp\/v2\/posts\/2406\/revisions"}],"predecessor-version":[{"id":2408,"href":"https:\/\/gegfm.com\/1\/wp-json\/wp\/v2\/posts\/2406\/revisions\/2408"}],"wp:featuredmedia":[{"embeddable":true,"href":"https:\/\/gegfm.com\/1\/wp-json\/wp\/v2\/media\/2407"}],"wp:attachment":[{"href":"https:\/\/gegfm.com\/1\/wp-json\/wp\/v2\/media?parent=2406"}],"wp:term":[{"taxonomy":"category","embeddable":true,"href":"https:\/\/gegfm.com\/1\/wp-json\/wp\/v2\/categories?post=2406"},{"taxonomy":"post_tag","embeddable":true,"href":"https:\/\/gegfm.com\/1\/wp-json\/wp\/v2\/tags?post=2406"}],"curies":[{"name":"wp","href":"https:\/\/api.w.org\/{rel}","templated":true}]}}