{"id":2403,"date":"2025-10-30T15:22:24","date_gmt":"2025-10-30T13:22:24","guid":{"rendered":"https:\/\/gegfm.com\/1\/?p=2403"},"modified":"2025-10-30T15:22:25","modified_gmt":"2025-10-30T13:22:25","slug":"atlantiku-i-veriut-hyn-ne-faze-aktive-evropen-e-presin-reshje-te-dendura-dhe-erera-te-fuqishme","status":"publish","type":"post","link":"https:\/\/gegfm.com\/1\/atlantiku-i-veriut-hyn-ne-faze-aktive-evropen-e-presin-reshje-te-dendura-dhe-erera-te-fuqishme\/","title":{"rendered":"Atlantiku i Veriut hyn n\u00eb faz\u00eb aktive \u2013 Evrop\u00ebn e presin reshje t\u00eb dendura dhe er\u00ebra t\u00eb fuqishme"},"content":{"rendered":"\n<p>Atlantiku i Veriut ka hyr\u00eb n\u00eb nj\u00eb faz\u00eb t\u00eb re atmosferike q\u00eb pritet t\u00eb sjell\u00eb <strong>mot t\u00eb paq\u00ebndruesh\u00ebm<\/strong>, reshje t\u00eb dendura dhe er\u00ebra t\u00eb forta mbi pjes\u00ebn m\u00eb t\u00eb madhe t\u00eb Evrop\u00ebs n\u00eb fund t\u00eb tetorit dhe fillim t\u00eb n\u00ebntorit. Meteorolog\u00ebt paralajm\u00ebrojn\u00eb se ngrohja e pazakont\u00eb e deteve dhe dinamikat e reja ciklonike mund t\u00eb \u00e7ojn\u00eb n\u00eb <strong>stuhit\u00eb m\u00eb t\u00eb fuqishme t\u00eb k\u00ebtij viti<\/strong>, duke rritur ndjesh\u00ebm rrezikun e p\u00ebrmbytjeve.<\/p>\n\n\n\n<h4 class=\"wp-block-heading\">Detet e ngrohta po ushqejn\u00eb stuhit\u00eb<\/h4>\n\n\n\n<p>Sipas ekspert\u00ebve, temperatura e lart\u00eb e sip\u00ebrfaqes s\u00eb detit n\u00eb Atlantik dhe Mesdhe ka krijuar nj\u00eb burim t\u00eb vazhduesh\u00ebm energjie p\u00ebr sistemet frontale.<br>N\u00eb Mesdheun qendror-per\u00ebndimor jan\u00eb regjistruar temperatura deri n\u00eb <strong>23\u00b0C<\/strong>, nd\u00ebrsa n\u00eb zonat e Detit t\u00eb Veriut dhe Baltikut vlerat jan\u00eb rreth <strong>10\u201315\u00b0C<\/strong>, shum\u00eb mbi mesataren sezonale.<br>K\u00ebto kushte po shtojn\u00eb sasin\u00eb e lag\u00ebshtis\u00eb n\u00eb atmosfer\u00eb, duke e b\u00ebr\u00eb m\u00eb t\u00eb mundsh\u00ebm zhvillimin e <strong>cikloneve t\u00eb fuqishme<\/strong> dhe rritjen e reshjeve n\u00eb mas\u00eb.<\/p>\n\n\n\n<h4 class=\"wp-block-heading\">\u201cCiklon bombastik\u201d n\u00eb zhvillim mbi Atlantik<\/h4>\n\n\n\n<p>Meteorolog\u00ebt kan\u00eb paralajm\u00ebruar formimin e nj\u00eb \u201c<strong>cikloni bombastik<\/strong>\u201d, i cili mund t\u00eb sjell\u00eb er\u00ebra q\u00eb kalojn\u00eb <strong>130 km\/or\u00eb<\/strong> dhe val\u00eb t\u00eb larta p\u00ebrgjat\u00eb brigjeve t\u00eb Franc\u00ebs, Irland\u00ebs dhe Skocis\u00eb.<br>Ky sistem atmosferik po ushqehet edhe nga mbetjet e <strong>Uraganit Melissa<\/strong>, i cili tashm\u00eb \u00ebsht\u00eb dob\u00ebsuar, por po vazhdon t\u00eb ndikoj\u00eb n\u00eb l\u00ebvizjet ajrore mbi Atlantik.<br>Sipas parashikimeve, ky model i paq\u00ebndruesh\u00ebm do t\u00eb vazhdoj\u00eb deri n\u00eb fillim t\u00eb n\u00ebntorit, duke p\u00ebrfshir\u00eb disa val\u00eb t\u00eb reja reshjesh dhe stuhi t\u00eb p\u00ebrs\u00ebritura.<\/p>\n\n\n\n<h4 class=\"wp-block-heading\">Rrezik p\u00ebr p\u00ebrmbytje dhe d\u00ebme infrastrukturore<\/h4>\n\n\n\n<p>Rritja e lag\u00ebshtis\u00eb dhe stuhit\u00eb e shpeshta pritet t\u00eb \u00e7ojn\u00eb n\u00eb <strong>p\u00ebrmbytje lokale<\/strong>, sidomos n\u00eb rajonet ku toka \u00ebsht\u00eb tashm\u00eb e ngopur nga reshjet e fundit.<br>Meteorolog\u00ebt paralajm\u00ebrojn\u00eb se p\u00ebrve\u00e7 uj\u00ebrave t\u00eb tep\u00ebrta, pritet t\u00eb ket\u00eb edhe <strong>probleme n\u00eb transport, nd\u00ebrprerje t\u00eb energjis\u00eb elektrike<\/strong> dhe d\u00ebme t\u00eb mundshme n\u00eb infrastruktur\u00eb, ve\u00e7an\u00ebrisht n\u00eb vendet bregdetare t\u00eb Evrop\u00ebs Per\u00ebndimore.<\/p>\n\n\n\n<h4 class=\"wp-block-heading\">Pasojat e ngrohjes globale n\u00eb motin e Evrop\u00ebs<\/h4>\n\n\n\n<p>Ngrohja globale dhe verat rekordisht t\u00eb nxehta kan\u00eb b\u00ebr\u00eb q\u00eb detet evropiane t\u00eb jen\u00eb m\u00eb t\u00eb ngrohta se kurr\u00eb m\u00eb par\u00eb.<br>Ky ndryshim termik po e shtyn sistemin atmosferik t\u00eb jet\u00eb m\u00eb aktiv dhe m\u00eb i paparashikuesh\u00ebm.<br>Meteorolog\u00ebt theksojn\u00eb se kjo \u00ebsht\u00eb vet\u00ebm <strong>fillimi i nj\u00eb sezoni t\u00eb gjat\u00eb stuhish<\/strong>, i cili mund t\u00eb vazhdoj\u00eb deri n\u00eb dhjetor me intensitet t\u00eb lart\u00eb reshjesh dhe luhatje t\u00eb forta t\u00eb temperatur\u00ebs.<\/p>\n\n\n\n<h4 class=\"wp-block-heading\">Paralajm\u00ebrim p\u00ebr fillimin e n\u00ebntorit<\/h4>\n\n\n\n<p>Parashikimet afatshkurtra tregojn\u00eb se fillimi i n\u00ebntorit do t\u00eb karakterizohet nga <strong>stuhi t\u00eb forta, reshje t\u00eb dendura dhe er\u00ebra t\u00eb fuqishme<\/strong> n\u00eb nj\u00eb pjes\u00eb t\u00eb madhe t\u00eb kontinentit.<br>Rajonet m\u00eb t\u00eb ekspozuara jan\u00eb <strong>Franca, Gjermania, Britania e Madhe, Irlanda dhe Skandinavia<\/strong>, por efektet mund t\u00eb shtrihen deri n\u00eb Evrop\u00ebn Qendrore e Lindore.<br>Ekspert\u00ebt i b\u00ebjn\u00eb thirrje qytetar\u00ebve t\u00eb ndjekin me kujdes njoftimet meteorologjike dhe t\u00eb marrin masa paraprake p\u00ebr mbrojtje nga kushtet ekstreme t\u00eb motit.<\/p>\n","protected":false},"excerpt":{"rendered":"<p>Atlantiku i Veriut ka hyr\u00eb n\u00eb nj\u00eb faz\u00eb t\u00eb re atmosferike q\u00eb pritet t\u00eb sjell\u00eb mot t\u00eb paq\u00ebndruesh\u00ebm, reshje t\u00eb dendura dhe er\u00ebra t\u00eb forta mbi pjes\u00ebn m\u00eb t\u00eb madhe t\u00eb Evrop\u00ebs n\u00eb fund t\u00eb tetorit dhe fillim t\u00eb n\u00ebntorit. Meteorolog\u00ebt paralajm\u00ebrojn\u00eb se ngrohja e pazakont\u00eb e deteve dhe dinamikat e reja ciklonike mund t\u00eb [&hellip;]<\/p>\n","protected":false},"author":1,"featured_media":2404,"comment_status":"closed","ping_status":"open","sticky":false,"template":"","format":"standard","meta":{"footnotes":""},"categories":[27],"tags":[],"class_list":["post-2403","post","type-post","status-publish","format-standard","has-post-thumbnail","hentry","category-pak-per-boten","entry daho-fn-article"],"_links":{"self":[{"href":"https:\/\/gegfm.com\/1\/wp-json\/wp\/v2\/posts\/2403","targetHints":{"allow":["GET"]}}],"collection":[{"href":"https:\/\/gegfm.com\/1\/wp-json\/wp\/v2\/posts"}],"about":[{"href":"https:\/\/gegfm.com\/1\/wp-json\/wp\/v2\/types\/post"}],"author":[{"embeddable":true,"href":"https:\/\/gegfm.com\/1\/wp-json\/wp\/v2\/users\/1"}],"replies":[{"embeddable":true,"href":"https:\/\/gegfm.com\/1\/wp-json\/wp\/v2\/comments?post=2403"}],"version-history":[{"count":1,"href":"https:\/\/gegfm.com\/1\/wp-json\/wp\/v2\/posts\/2403\/revisions"}],"predecessor-version":[{"id":2405,"href":"https:\/\/gegfm.com\/1\/wp-json\/wp\/v2\/posts\/2403\/revisions\/2405"}],"wp:featuredmedia":[{"embeddable":true,"href":"https:\/\/gegfm.com\/1\/wp-json\/wp\/v2\/media\/2404"}],"wp:attachment":[{"href":"https:\/\/gegfm.com\/1\/wp-json\/wp\/v2\/media?parent=2403"}],"wp:term":[{"taxonomy":"category","embeddable":true,"href":"https:\/\/gegfm.com\/1\/wp-json\/wp\/v2\/categories?post=2403"},{"taxonomy":"post_tag","embeddable":true,"href":"https:\/\/gegfm.com\/1\/wp-json\/wp\/v2\/tags?post=2403"}],"curies":[{"name":"wp","href":"https:\/\/api.w.org\/{rel}","templated":true}]}}