{"id":2329,"date":"2025-10-28T12:06:40","date_gmt":"2025-10-28T10:06:40","guid":{"rendered":"https:\/\/gegfm.com\/1\/?p=2329"},"modified":"2025-10-28T12:06:41","modified_gmt":"2025-10-28T10:06:41","slug":"talentja-e-re-anna-krasniqi-fiton-grand-prix-dhe-jimmy-fontana-ne-itali","status":"publish","type":"post","link":"https:\/\/gegfm.com\/1\/talentja-e-re-anna-krasniqi-fiton-grand-prix-dhe-jimmy-fontana-ne-itali\/","title":{"rendered":"Talentja e re Anna Krasniqi fiton \u201cGrand Prix\u201d dhe \u201cJimmy Fontana\u201d n\u00eb Itali"},"content":{"rendered":"\n<p>Prej 23 deri m\u00eb 25 tetor, n\u00eb qytetin Ragusa t\u00eb Italis\u00eb, u zhvillua edicioni jubilar i <strong>Hybla Music Contest \u2013 Concorso Internazionale di Canto<\/strong>, nj\u00eb festival i njohur nd\u00ebrkomb\u00ebtar q\u00eb k\u00ebt\u00eb vit grumbulloi artist\u00eb nga Kosova, Shqip\u00ebria, Shtetet e Bashkuara t\u00eb Amerik\u00ebs, Zelanda e Re, Malta, Estonia, Spanja dhe Italia.<\/p>\n\n\n\n<p>Festivali ishte i ndar\u00eb n\u00eb kat\u00ebr kategori sipas grupmoshave, ku p\u00ebr dy dit\u00eb rresht skena u shijua nga performancat e m\u00eb t\u00eb vegj\u00eblve e deri te t\u00eb rriturit, me mbi 50 artist\u00eb q\u00eb prezantuan talentin e tyre para nj\u00eb jurie profesionale me p\u00ebrb\u00ebrje nd\u00ebrkomb\u00ebtare.<\/p>\n\n\n\n<p>Ky edicion solli fitore t\u00eb madhe p\u00ebr <strong>talenten e re nga Kosova, Anna Krasniqi<\/strong>, e cila u kuror\u00ebzua me dy \u00e7mime kryesore: <strong>\u201cGrand Prix\u201d<\/strong> dhe <strong>\u201cJimmy Fontana\u201d<\/strong>, ky i fundit duke i siguruar asaj mund\u00ebsin\u00eb e incizimit t\u00eb k\u00ebng\u00ebve n\u00eb Rom\u00eb. <\/p>\n\n\n\n<p>\u00c7mimi \u201cJimmy Fontana\u201d ndahet nga familja e legjendarit Jimmy Fontana, p\u00ebrkat\u00ebsisht nga djali i tij, <strong>Luigi Fontana<\/strong>, i cili n\u00eb k\u00ebt\u00eb edicion sh\u00ebrbeu edhe si kryetar i juris\u00eb dhe \u00ebsht\u00eb nj\u00eb personalitet i njohur n\u00eb bot\u00ebn e muzik\u00ebs.<\/p>\n\n\n\n<p>Delegacioni i Kosov\u00ebs, i p\u00ebrfaq\u00ebsuar nga Shkolla e Muzik\u00ebs <strong>\u201cAmadeus\u201d<\/strong> dhe m\u00ebsuesja e tyre <strong>Edina Pllana<\/strong>, arriti t\u00eb shp\u00ebrblehet edhe n\u00eb kategori t\u00eb tjera. <strong>Edita Tuli<\/strong> fitoi \u00e7mimin e par\u00eb n\u00eb kategorin\u00eb e dyt\u00eb garuese, nd\u00ebrsa <strong>Lyra Aryal<\/strong> u vler\u00ebsua me \u00e7mimin special <strong>\u201cTalent Award in Solo Singing \u2013 Muzik\u00eb Lirike\u201d<\/strong> dhe mori nj\u00eb ftes\u00eb speciale p\u00ebr t\u00eb performuar n\u00eb <strong>Orfeus Music Festival<\/strong> n\u00eb Malaga, Spanj\u00eb, n\u00eb mars 2026. Nd\u00ebrkoh\u00eb, <strong>Emabelle Shabani<\/strong> dhe <strong>Maja Idrizaj<\/strong> u shp\u00ebrblyen me diploma p\u00ebr pjes\u00ebmarrje dhe prezentim dinjitoz.<\/p>\n\n\n\n<p>Juria e festivalit p\u00ebrb\u00ebhej nga emra t\u00eb njohur nd\u00ebrkomb\u00ebtar\u00eb, p\u00ebrve\u00e7 Luigi Fontana, si: <strong>Rita Perrota, Petia Koleva, Pervathi Albana, Gianvito Messina, Phyllisienne Brincat, Edina Pllana, Marina Martyinson, Raffaele Furnaro<\/strong> dhe <strong>Gianni Papa<\/strong>.<\/p>\n\n\n\n<p>E emocionuar nga ky sukses, Anna Krasniqi ka shprehur p\u00ebr <strong>KultPlus<\/strong>:<br><em>&#8220;Ky vler\u00ebsim \u00ebsht\u00eb i jasht\u00ebzakonsh\u00ebm. Un\u00eb e kam synuar \u00e7mimin n\u00eb kategorin\u00eb e mosh\u00ebs sime, ku kan\u00eb garuar bashk\u00ebmoshatar\u00ebt e mi 13-15 vje\u00e7, por q\u00eb t\u00eb vler\u00ebsohem me \u00e7mimet kryesore t\u00eb festivalit, nuk e kam imagjinuar asnj\u00ebher\u00eb. Kjo \u00ebsht\u00eb hera ime e par\u00eb n\u00eb nj\u00eb festival dhe ky sukses m\u00eb motivon shum\u00eb p\u00ebr rrug\u00ebtimin tim t\u00eb m\u00ebtejsh\u00ebm.&#8221;<\/em><\/p>\n\n\n\n<p>Ky triumf i An\u00ebs nuk \u00ebsht\u00eb vet\u00ebm nj\u00eb arritje personale, por edhe nj\u00eb p\u00ebrfaq\u00ebsim i shk\u00eblqyer i talentit kosovar n\u00eb sken\u00ebn nd\u00ebrkomb\u00ebtare t\u00eb muzik\u00ebs.<\/p>\n\n\n\n<iframe loading=\"lazy\" src=\"https:\/\/www.facebook.com\/plugins\/video.php?height=315&#038;href=https%3A%2F%2Fwww.facebook.com%2Freel%2F792214613615376%2F&#038;show_text=false&#038;width=560&#038;t=0\" width=\"560\" height=\"315\" style=\"border:none;overflow:hidden\" scrolling=\"no\" frameborder=\"0\" allowfullscreen=\"true\" allow=\"autoplay; clipboard-write; encrypted-media; picture-in-picture; web-share\" allowFullScreen=\"true\"><\/iframe>\n","protected":false},"excerpt":{"rendered":"<p>Prej 23 deri m\u00eb 25 tetor, n\u00eb qytetin Ragusa t\u00eb Italis\u00eb, u zhvillua edicioni jubilar i Hybla Music Contest \u2013 Concorso Internazionale di Canto, nj\u00eb festival i njohur nd\u00ebrkomb\u00ebtar q\u00eb k\u00ebt\u00eb vit grumbulloi artist\u00eb nga Kosova, Shqip\u00ebria, Shtetet e Bashkuara t\u00eb Amerik\u00ebs, Zelanda e Re, Malta, Estonia, Spanja dhe Italia. Festivali ishte i ndar\u00eb n\u00eb [&hellip;]<\/p>\n","protected":false},"author":2,"featured_media":2330,"comment_status":"closed","ping_status":"open","sticky":false,"template":"","format":"standard","meta":{"footnotes":""},"categories":[26,2],"tags":[],"class_list":["post-2329","post","type-post","status-publish","format-standard","has-post-thumbnail","hentry","category-pak-per-muziken","category-pak-per-shqiptaret","entry daho-fn-article"],"_links":{"self":[{"href":"https:\/\/gegfm.com\/1\/wp-json\/wp\/v2\/posts\/2329","targetHints":{"allow":["GET"]}}],"collection":[{"href":"https:\/\/gegfm.com\/1\/wp-json\/wp\/v2\/posts"}],"about":[{"href":"https:\/\/gegfm.com\/1\/wp-json\/wp\/v2\/types\/post"}],"author":[{"embeddable":true,"href":"https:\/\/gegfm.com\/1\/wp-json\/wp\/v2\/users\/2"}],"replies":[{"embeddable":true,"href":"https:\/\/gegfm.com\/1\/wp-json\/wp\/v2\/comments?post=2329"}],"version-history":[{"count":1,"href":"https:\/\/gegfm.com\/1\/wp-json\/wp\/v2\/posts\/2329\/revisions"}],"predecessor-version":[{"id":2331,"href":"https:\/\/gegfm.com\/1\/wp-json\/wp\/v2\/posts\/2329\/revisions\/2331"}],"wp:featuredmedia":[{"embeddable":true,"href":"https:\/\/gegfm.com\/1\/wp-json\/wp\/v2\/media\/2330"}],"wp:attachment":[{"href":"https:\/\/gegfm.com\/1\/wp-json\/wp\/v2\/media?parent=2329"}],"wp:term":[{"taxonomy":"category","embeddable":true,"href":"https:\/\/gegfm.com\/1\/wp-json\/wp\/v2\/categories?post=2329"},{"taxonomy":"post_tag","embeddable":true,"href":"https:\/\/gegfm.com\/1\/wp-json\/wp\/v2\/tags?post=2329"}],"curies":[{"name":"wp","href":"https:\/\/api.w.org\/{rel}","templated":true}]}}