{"id":2323,"date":"2025-10-27T13:04:20","date_gmt":"2025-10-27T11:04:20","guid":{"rendered":"https:\/\/gegfm.com\/1\/?p=2323"},"modified":"2025-10-27T13:04:21","modified_gmt":"2025-10-27T11:04:21","slug":"lewis-capaldi-rikthehet-me-kengen-e-re-almost","status":"publish","type":"post","link":"https:\/\/gegfm.com\/1\/lewis-capaldi-rikthehet-me-kengen-e-re-almost\/","title":{"rendered":"Lewis Capaldi rikthehet me k\u00ebng\u00ebn e re \u201cAlmost\u201d"},"content":{"rendered":"\n<p><\/p>\n\n\n\n<p>K\u00ebng\u00ebtari skocez Lewis Capaldi ka publikuar k\u00ebng\u00ebn e tij m\u00eb t\u00eb fundit, \u201cAlmost\u201d, q\u00eb sh\u00ebnon lan\u00e7imin e tret\u00eb nga EP-ja e tij e ardhshme <strong>\u201cSurvive\u201d<\/strong>, e cila do t\u00eb dal\u00eb m\u00eb <strong>14 n\u00ebntor 2025<\/strong>. K\u00ebnga trajton ndjenjat e sfid\u00ebs dhe p\u00ebrpjekjes p\u00ebr t\u00eb ecur p\u00ebrpara pas p\u00ebrfundimit t\u00eb nj\u00eb lidhjeje, duke ruajtur ndjeshm\u00ebrin\u00eb emocionale q\u00eb e karakterizon stilin e Capaldi.<\/p>\n\n\n\n<p>Me vet\u00ebm 27 vjet, Capaldi \u00ebsht\u00eb b\u00ebr\u00eb i njohur p\u00ebr baladat e tij t\u00eb thella dhe prek\u00ebse, dhe \u201cAlmost\u201d vazhdon k\u00ebt\u00eb tradit\u00eb, por me nj\u00eb tonalitet q\u00eb paralajm\u00ebron nj\u00eb <strong>qasje m\u00eb optimiste dhe t\u00eb g\u00ebzuar<\/strong> n\u00eb EP-n\u00eb e tij t\u00eb ardhshme. Artisti ka shprehur se albumi i ri do t\u00eb reflektoj\u00eb nj\u00eb faz\u00eb m\u00eb t\u00eb dritshme dhe m\u00eb shpres\u00ebdh\u00ebn\u00ebse t\u00eb jet\u00ebs s\u00eb tij.<\/p>\n\n\n\n<p>K\u00ebnga ka marr\u00eb v\u00ebmendje t\u00eb menj\u00ebhershme nga fansat dhe kritik\u00ebt, t\u00eb cil\u00ebt kan\u00eb vler\u00ebsuar <strong>performanc\u00ebn vokale t\u00eb fuqishme dhe tekstin emocionalisht t\u00eb ndjesh\u00ebm<\/strong>. Komentet e para n\u00eb rrjetet sociale theksojn\u00eb lidhjen e thell\u00eb q\u00eb publiku ndjen me tematik\u00ebn e k\u00ebng\u00ebs dhe melodin\u00eb e saj prek\u00ebse.<\/p>\n\n\n\n<p>Lewis Capaldi riktheu sken\u00ebn k\u00ebt\u00eb ver\u00eb n\u00eb <strong>Glastonbury<\/strong>, duke demonstruar energjin\u00eb e tij t\u00eb pap\u00ebrmbajtshme dhe aft\u00ebsin\u00eb p\u00ebr t\u00eb krijuar lidhje t\u00eb forta me audienc\u00ebn. P\u00ebr vitin 2026, artisti ka planifikuar nj\u00eb ver\u00eb t\u00eb ngarkuar koncertesh dhe festivalesh, duke p\u00ebrfshir\u00eb <strong>Isle of Wight, BST Hyde Park, Roundhay Festival<\/strong>, si dhe koncerte t\u00eb tjera n\u00eb <strong>Dublin, Limerick, Exeter, Cardiff, Belfast dhe Manchester<\/strong>, duke siguruar nj\u00eb kalendar t\u00eb pasur p\u00ebr fansat e tij evropian\u00eb.<\/p>\n\n\n\n<p>\u201cAlmost\u201d duket se sh\u00ebnon nj\u00eb kapitull t\u00eb ri n\u00eb karrier\u00ebn e Capaldi, duke balancuar emocione t\u00eb thella me nj\u00eb ndjenj\u00eb shprese dhe rinovimi, duke e vendosur artistin s\u00ebrish n\u00eb qend\u00ebr t\u00eb v\u00ebmendjes nd\u00ebrkomb\u00ebtare t\u00eb muzik\u00ebs pop dhe balad\u00ebs.<\/p>\n\n\n\n<p>K\u00ebnga \u201cAlmost\u201d shfaq <strong>dinamik\u00eb emocionale dhe kontraste muzikore<\/strong> q\u00eb reflektojn\u00eb udh\u00ebtimin e nj\u00eb personi pas nj\u00eb ndarjeje. Teksti i saj i holl\u00ebsish\u00ebm tregon momentet e dyshimit, nostalgjis\u00eb dhe p\u00ebrpjekjes p\u00ebr t\u00eb kap\u00ebrcyer dhimbjen, nd\u00ebrsa instrumentacioni i nd\u00ebrtuar me delikates\u00eb \u2013 gitara akustike, pianoja dhe element\u00eb subtil\u00eb elektronik\u00eb \u2013 i japin k\u00ebng\u00ebs nj\u00eb <strong>ndjesi intime, por gjithashtu t\u00eb fuqishme<\/strong>. Vokali i Capaldi, i njohur p\u00ebr fuqin\u00eb dhe emocionalitetin e tij, arrin t\u00eb <strong>kap\u00eb brisht\u00ebsin\u00eb dhe shpres\u00ebn n\u00eb t\u00eb nj\u00ebjt\u00ebn koh\u00eb<\/strong>, duke e b\u00ebr\u00eb \u201cAlmost\u201d nj\u00eb k\u00ebng\u00eb q\u00eb rezonon fuqish\u00ebm me audienc\u00ebn dhe q\u00eb mund t\u00eb konsiderohet si nj\u00eb nga baladat m\u00eb t\u00eb prekshme t\u00eb k\u00ebtij viti.<\/p>\n","protected":false},"excerpt":{"rendered":"<p>K\u00ebng\u00ebtari skocez Lewis Capaldi ka publikuar k\u00ebng\u00ebn e tij m\u00eb t\u00eb fundit, \u201cAlmost\u201d, q\u00eb sh\u00ebnon lan\u00e7imin e tret\u00eb nga EP-ja e tij e ardhshme \u201cSurvive\u201d, e cila do t\u00eb dal\u00eb m\u00eb 14 n\u00ebntor 2025. K\u00ebnga trajton ndjenjat e sfid\u00ebs dhe p\u00ebrpjekjes p\u00ebr t\u00eb ecur p\u00ebrpara pas p\u00ebrfundimit t\u00eb nj\u00eb lidhjeje, duke ruajtur ndjeshm\u00ebrin\u00eb emocionale q\u00eb [&hellip;]<\/p>\n","protected":false},"author":2,"featured_media":2324,"comment_status":"closed","ping_status":"open","sticky":false,"template":"","format":"standard","meta":{"footnotes":""},"categories":[27,26],"tags":[],"class_list":["post-2323","post","type-post","status-publish","format-standard","has-post-thumbnail","hentry","category-pak-per-boten","category-pak-per-muziken","entry daho-fn-article"],"_links":{"self":[{"href":"https:\/\/gegfm.com\/1\/wp-json\/wp\/v2\/posts\/2323","targetHints":{"allow":["GET"]}}],"collection":[{"href":"https:\/\/gegfm.com\/1\/wp-json\/wp\/v2\/posts"}],"about":[{"href":"https:\/\/gegfm.com\/1\/wp-json\/wp\/v2\/types\/post"}],"author":[{"embeddable":true,"href":"https:\/\/gegfm.com\/1\/wp-json\/wp\/v2\/users\/2"}],"replies":[{"embeddable":true,"href":"https:\/\/gegfm.com\/1\/wp-json\/wp\/v2\/comments?post=2323"}],"version-history":[{"count":1,"href":"https:\/\/gegfm.com\/1\/wp-json\/wp\/v2\/posts\/2323\/revisions"}],"predecessor-version":[{"id":2325,"href":"https:\/\/gegfm.com\/1\/wp-json\/wp\/v2\/posts\/2323\/revisions\/2325"}],"wp:featuredmedia":[{"embeddable":true,"href":"https:\/\/gegfm.com\/1\/wp-json\/wp\/v2\/media\/2324"}],"wp:attachment":[{"href":"https:\/\/gegfm.com\/1\/wp-json\/wp\/v2\/media?parent=2323"}],"wp:term":[{"taxonomy":"category","embeddable":true,"href":"https:\/\/gegfm.com\/1\/wp-json\/wp\/v2\/categories?post=2323"},{"taxonomy":"post_tag","embeddable":true,"href":"https:\/\/gegfm.com\/1\/wp-json\/wp\/v2\/tags?post=2323"}],"curies":[{"name":"wp","href":"https:\/\/api.w.org\/{rel}","templated":true}]}}