{"id":2320,"date":"2025-10-27T12:59:59","date_gmt":"2025-10-27T10:59:59","guid":{"rendered":"https:\/\/gegfm.com\/1\/?p=2320"},"modified":"2025-10-27T13:00:00","modified_gmt":"2025-10-27T11:00:00","slug":"taylor-swift-dhe-pink-nominuar-per-songwriters-hall-of-fame-2026","status":"publish","type":"post","link":"https:\/\/gegfm.com\/1\/taylor-swift-dhe-pink-nominuar-per-songwriters-hall-of-fame-2026\/","title":{"rendered":"Taylor Swift dhe Pink nominuar p\u00ebr Songwriters Hall of Fame 2026"},"content":{"rendered":"\n<p>Taylor Swift dhe Pink jan\u00eb nd\u00ebr artist\u00ebt e nominuar p\u00ebr klas\u00ebn e vitit 2026 t\u00eb <strong>Songwriters Hall of Fame<\/strong>, nj\u00eb nga institucionet m\u00eb prestigjioze q\u00eb nderon kompozitor\u00ebt dhe tekst-shkruesit m\u00eb t\u00eb shquar t\u00eb muzik\u00ebs. Ky nder \u00ebsht\u00eb i rezervuar p\u00ebr ata q\u00eb kan\u00eb kontribuar n\u00eb m\u00ebnyr\u00eb t\u00eb r\u00ebnd\u00ebsishme n\u00eb historin\u00eb e muzik\u00ebs, duke sjell\u00eb k\u00ebng\u00eb t\u00eb paharrueshme dhe ndikim t\u00eb gjer\u00eb artistik.<\/p>\n\n\n\n<p>N\u00eb kategorin\u00eb e <strong>\u201cperforming songwriters\u201d<\/strong>, krahas Swift dhe Pink, jan\u00eb nominuar edhe artist\u00eb t\u00eb njohur si:<\/p>\n\n\n\n<ul class=\"wp-block-list\">\n<li>Gerry Beckley dhe Dewey Bunnell (America)<\/li>\n\n\n\n<li>David Byrne<\/li>\n\n\n\n<li>Richard Carpenter<\/li>\n\n\n\n<li>Harry Wayne Casey<\/li>\n\n\n\n<li>Randy Bachman dhe Burton Cummings (The Guess Who)<\/li>\n\n\n\n<li>Gene Simmons dhe Paul Stanley (KISS)<\/li>\n\n\n\n<li>Kenny Loggins<\/li>\n\n\n\n<li>Sarah McLachlan<\/li>\n\n\n\n<li>Boz Scaggs<\/li>\n\n\n\n<li>LL Cool J<\/li>\n\n\n\n<li>Charlotte Caffey, Kathy Valentine dhe Jane M. Wiedlin (The Go-Go\u2019s)<\/li>\n<\/ul>\n\n\n\n<p>Nd\u00ebrsa n\u00eb kategorin\u00eb <strong>\u201cnon-performing\u201d<\/strong>, ku vler\u00ebsohen autor\u00eb q\u00eb nuk interpretojn\u00eb vet\u00eb muzik\u00ebn, jan\u00eb nominuar:<\/p>\n\n\n\n<ul class=\"wp-block-list\">\n<li>Walter Afanasieff<\/li>\n\n\n\n<li>Pete Bellotte<\/li>\n\n\n\n<li>Andreas Carlsson<\/li>\n\n\n\n<li>Steve Kipner<\/li>\n\n\n\n<li>Jeffrey Steele<\/li>\n\n\n\n<li>Patrick Leonard<\/li>\n\n\n\n<li>Bob McDill<\/li>\n\n\n\n<li>Kenny Nolan<\/li>\n\n\n\n<li>Martin Page<\/li>\n\n\n\n<li>Vini Poncia<\/li>\n\n\n\n<li>Tom Snow<\/li>\n\n\n\n<li>Christopher \u2018Tricky\u2019 Stewart<\/li>\n\n\n\n<li>Larry Weiss<\/li>\n<\/ul>\n\n\n\n<p>N\u00eb gar\u00eb p\u00ebr t\u2019u nderuar jan\u00eb edhe dy partner\u00eb shkrimtar\u00ebsh t\u00eb njohur, <strong>Terry Britten dhe Graham Lyle<\/strong>, autor\u00ebt e hitit \u201cWhat\u2019s Love Got To Do With It\u201d.<\/p>\n\n\n\n<p>Kandidat\u00ebt b\u00ebhen t\u00eb drejt\u00ebp\u00ebrdrejt p\u00ebr induktim <strong>20 vjet pas publikimit t\u00eb par\u00eb t\u00eb nj\u00eb k\u00ebnge t\u00eb suksesshme<\/strong>, nd\u00ebrsa an\u00ebtar\u00ebt e Songwriters Hall of Fame kan\u00eb afat votimi deri m\u00eb 4 dhjetor 2025. Fituesit do t\u00eb shpallen gjat\u00eb <strong>Induction &amp; Awards Gala 2026<\/strong>, q\u00eb do t\u00eb mbahet n\u00eb <strong>New York City<\/strong>.<\/p>\n\n\n\n<p>Q\u00eb nga viti 2017, legjenda muzikore <strong>Nile Rodgers<\/strong> mban pozicionin e kryetarit t\u00eb Songwriters Hall of Fame, duke udh\u00ebhequr institucionin drejt njohjes s\u00eb kontributeve t\u00eb jasht\u00ebzakonshme t\u00eb autor\u00ebve t\u00eb muzik\u00ebs.<\/p>\n","protected":false},"excerpt":{"rendered":"<p>Taylor Swift dhe Pink jan\u00eb nd\u00ebr artist\u00ebt e nominuar p\u00ebr klas\u00ebn e vitit 2026 t\u00eb Songwriters Hall of Fame, nj\u00eb nga institucionet m\u00eb prestigjioze q\u00eb nderon kompozitor\u00ebt dhe tekst-shkruesit m\u00eb t\u00eb shquar t\u00eb muzik\u00ebs. Ky nder \u00ebsht\u00eb i rezervuar p\u00ebr ata q\u00eb kan\u00eb kontribuar n\u00eb m\u00ebnyr\u00eb t\u00eb r\u00ebnd\u00ebsishme n\u00eb historin\u00eb e muzik\u00ebs, duke sjell\u00eb k\u00ebng\u00eb [&hellip;]<\/p>\n","protected":false},"author":2,"featured_media":2321,"comment_status":"closed","ping_status":"open","sticky":false,"template":"","format":"standard","meta":{"footnotes":""},"categories":[27,26],"tags":[],"class_list":["post-2320","post","type-post","status-publish","format-standard","has-post-thumbnail","hentry","category-pak-per-boten","category-pak-per-muziken","entry daho-fn-article"],"_links":{"self":[{"href":"https:\/\/gegfm.com\/1\/wp-json\/wp\/v2\/posts\/2320","targetHints":{"allow":["GET"]}}],"collection":[{"href":"https:\/\/gegfm.com\/1\/wp-json\/wp\/v2\/posts"}],"about":[{"href":"https:\/\/gegfm.com\/1\/wp-json\/wp\/v2\/types\/post"}],"author":[{"embeddable":true,"href":"https:\/\/gegfm.com\/1\/wp-json\/wp\/v2\/users\/2"}],"replies":[{"embeddable":true,"href":"https:\/\/gegfm.com\/1\/wp-json\/wp\/v2\/comments?post=2320"}],"version-history":[{"count":1,"href":"https:\/\/gegfm.com\/1\/wp-json\/wp\/v2\/posts\/2320\/revisions"}],"predecessor-version":[{"id":2322,"href":"https:\/\/gegfm.com\/1\/wp-json\/wp\/v2\/posts\/2320\/revisions\/2322"}],"wp:featuredmedia":[{"embeddable":true,"href":"https:\/\/gegfm.com\/1\/wp-json\/wp\/v2\/media\/2321"}],"wp:attachment":[{"href":"https:\/\/gegfm.com\/1\/wp-json\/wp\/v2\/media?parent=2320"}],"wp:term":[{"taxonomy":"category","embeddable":true,"href":"https:\/\/gegfm.com\/1\/wp-json\/wp\/v2\/categories?post=2320"},{"taxonomy":"post_tag","embeddable":true,"href":"https:\/\/gegfm.com\/1\/wp-json\/wp\/v2\/tags?post=2320"}],"curies":[{"name":"wp","href":"https:\/\/api.w.org\/{rel}","templated":true}]}}