{"id":2317,"date":"2025-10-27T12:56:56","date_gmt":"2025-10-27T10:56:56","guid":{"rendered":"https:\/\/gegfm.com\/1\/?p=2317"},"modified":"2025-10-27T12:56:57","modified_gmt":"2025-10-27T10:56:57","slug":"krejt-e-thirrin-rexhen-triumfon-ne-festivalin-hyjnesha-ne-fron-me-tri-cmime-kryesore","status":"publish","type":"post","link":"https:\/\/gegfm.com\/1\/krejt-e-thirrin-rexhen-triumfon-ne-festivalin-hyjnesha-ne-fron-me-tri-cmime-kryesore\/","title":{"rendered":"\u201cKrejt e thirrin Rexh\u00ebn\u201d triumfon n\u00eb Festivalin \u201cHyjnesha n\u00eb Fron\u201d me tri \u00e7mime kryesore"},"content":{"rendered":"\n<p>Nga 24 deri m\u00eb 26 tetor, Prishtina u b\u00eb qendra e kinemas\u00eb shqiptare, duke mir\u00ebpritur <strong>edicioni i 18-t\u00eb i Festivalit t\u00eb Filmit \u201cHyjnesha n\u00eb Fron\u201d<\/strong>.<\/p>\n\n\n\n<p>Festivalit i dha start <strong>filmi \u201cKrejt e thirrin Rexh\u00ebn\u201d<\/strong>, nj\u00eb nga prodhimet m\u00eb t\u00eb komentuar t\u00eb vitit, me regji nga <strong>Ib\u00ebr Deari<\/strong>, i cili sjell nj\u00eb portret t\u00eb ndjesh\u00ebm dhe realist t\u00eb emigrimit n\u00eb fshatrat shqiptare.<\/p>\n\n\n\n<p>Hapja e festivalit me k\u00ebt\u00eb film solli nj\u00eb atmosfer\u00eb t\u00eb ngroht\u00eb dhe pritshm\u00ebri t\u00eb madhe tek publiku dhe profesionist\u00ebt e kinemas\u00eb.<\/p>\n\n\n\n<p>N\u00eb nat\u00ebn finale, <strong>filmi \u201cKrejt e thirrin Rexh\u00ebn\u201d u vler\u00ebsua me tre \u00e7mime kryesore<\/strong>, duke treguar forc\u00ebn e tregimit dhe interpretimin e jasht\u00ebzakonsh\u00ebm t\u00eb aktor\u00ebve:<\/p>\n\n\n\n<ul class=\"wp-block-list\">\n<li><strong>Aktorja m\u00eb e mir\u00eb<\/strong> \u2013 Adriana Matoshi<\/li>\n\n\n\n<li><strong>Aktori m\u00eb i mir\u00eb<\/strong> \u2013 Afrim Mu\u00e7aj<\/li>\n\n\n\n<li><strong>Regjisori m\u00eb i mir\u00eb<\/strong> \u2013 Ib\u00ebr Deari<\/li>\n<\/ul>\n\n\n\n<p>Edicioni i 18-t\u00eb i festivalit \u201cHyjnesha n\u00eb Fron\u201d konfirmoi r\u00ebnd\u00ebsin\u00eb e tij si nj\u00eb platform\u00eb q\u00eb promovon kineman\u00eb shqiptare dhe talentet e saj, duke ofruar nj\u00eb hap\u00ebsir\u00eb p\u00ebr t\u00eb diskutuar historit\u00eb q\u00eb lidhen me jet\u00ebn, kultur\u00ebn dhe identitetin shqiptar.<\/p>\n\n\n\n<iframe loading=\"lazy\" src=\"https:\/\/www.facebook.com\/plugins\/post.php?href=https%3A%2F%2Fwww.facebook.com%2Fibrahim.deari%2Fposts%2Fpfbid022BN6szb755uV4BGv2xZ3uxRbs4S3wL1JXSSNNP7b6bCE4BFn7ivwRzrzW5niGmmdl&#038;show_text=true&#038;width=500\" width=\"500\" height=\"722\" style=\"border:none;overflow:hidden\" scrolling=\"no\" frameborder=\"0\" allowfullscreen=\"true\" allow=\"autoplay; clipboard-write; encrypted-media; picture-in-picture; web-share\"><\/iframe>\n","protected":false},"excerpt":{"rendered":"<p>Nga 24 deri m\u00eb 26 tetor, Prishtina u b\u00eb qendra e kinemas\u00eb shqiptare, duke mir\u00ebpritur edicioni i 18-t\u00eb i Festivalit t\u00eb Filmit \u201cHyjnesha n\u00eb Fron\u201d. Festivalit i dha start filmi \u201cKrejt e thirrin Rexh\u00ebn\u201d, nj\u00eb nga prodhimet m\u00eb t\u00eb komentuar t\u00eb vitit, me regji nga Ib\u00ebr Deari, i cili sjell nj\u00eb portret t\u00eb ndjesh\u00ebm dhe [&hellip;]<\/p>\n","protected":false},"author":2,"featured_media":2318,"comment_status":"closed","ping_status":"open","sticky":false,"template":"","format":"standard","meta":{"footnotes":""},"categories":[1,2,4],"tags":[],"class_list":["post-2317","post","type-post","status-publish","format-standard","has-post-thumbnail","hentry","category-pak-per-filmin","category-pak-per-shqiptaret","category-pak-per-vendin","entry daho-fn-article"],"_links":{"self":[{"href":"https:\/\/gegfm.com\/1\/wp-json\/wp\/v2\/posts\/2317","targetHints":{"allow":["GET"]}}],"collection":[{"href":"https:\/\/gegfm.com\/1\/wp-json\/wp\/v2\/posts"}],"about":[{"href":"https:\/\/gegfm.com\/1\/wp-json\/wp\/v2\/types\/post"}],"author":[{"embeddable":true,"href":"https:\/\/gegfm.com\/1\/wp-json\/wp\/v2\/users\/2"}],"replies":[{"embeddable":true,"href":"https:\/\/gegfm.com\/1\/wp-json\/wp\/v2\/comments?post=2317"}],"version-history":[{"count":1,"href":"https:\/\/gegfm.com\/1\/wp-json\/wp\/v2\/posts\/2317\/revisions"}],"predecessor-version":[{"id":2319,"href":"https:\/\/gegfm.com\/1\/wp-json\/wp\/v2\/posts\/2317\/revisions\/2319"}],"wp:featuredmedia":[{"embeddable":true,"href":"https:\/\/gegfm.com\/1\/wp-json\/wp\/v2\/media\/2318"}],"wp:attachment":[{"href":"https:\/\/gegfm.com\/1\/wp-json\/wp\/v2\/media?parent=2317"}],"wp:term":[{"taxonomy":"category","embeddable":true,"href":"https:\/\/gegfm.com\/1\/wp-json\/wp\/v2\/categories?post=2317"},{"taxonomy":"post_tag","embeddable":true,"href":"https:\/\/gegfm.com\/1\/wp-json\/wp\/v2\/tags?post=2317"}],"curies":[{"name":"wp","href":"https:\/\/api.w.org\/{rel}","templated":true}]}}