{"id":2314,"date":"2025-10-27T12:47:40","date_gmt":"2025-10-27T10:47:40","guid":{"rendered":"https:\/\/gegfm.com\/1\/?p=2314"},"modified":"2025-10-27T12:47:40","modified_gmt":"2025-10-27T10:47:40","slug":"uta-ibrahimi-nderohet-nderkombetarisht-per-arritjet-e-saj-ne-alpinizem","status":"publish","type":"post","link":"https:\/\/gegfm.com\/1\/uta-ibrahimi-nderohet-nderkombetarisht-per-arritjet-e-saj-ne-alpinizem\/","title":{"rendered":"Uta Ibrahimi nderohet nd\u00ebrkomb\u00ebtarisht p\u00ebr arritjet e saj n\u00eb alpiniz\u00ebm"},"content":{"rendered":"\n<p>Alpinistja e njohur kosovare, <strong>Uta Ibrahimi<\/strong>, ka marr\u00eb nj\u00eb \u00e7mim nd\u00ebrkomb\u00ebtar nga <strong>Federata Nd\u00ebrkomb\u00ebtare e Shoqatave t\u00eb Alpinist\u00ebve (UIAA)<\/strong>, duke u njohur p\u00ebr sukseset e saj t\u00eb jasht\u00ebzakonshme n\u00eb majat mbi 8.000 metra. Ajo sh\u00ebnon nj\u00eb tjet\u00ebr kapitull historik, duke u b\u00ebr\u00eb gruaja e par\u00eb nga Ballkani q\u00eb arrin k\u00ebt\u00eb nivel t\u00eb lart\u00eb t\u00eb alpinizmit.<\/p>\n\n\n\n<p>Vler\u00ebsimi u dor\u00ebzua gjat\u00eb <strong>Asambles\u00eb s\u00eb UIAA-s<\/strong>, e cila k\u00ebt\u00eb vit u zhvillua n\u00eb Pej\u00eb, Kosov\u00eb \u2013 nj\u00eb moment q\u00eb Uta e p\u00ebrjetoi si shum\u00eb simbolik. \u201cIshte privilegj t\u00eb mir\u00ebpres alpinist\u00eb nga e gjith\u00eb bota n\u00eb malet tona,\u201d shkroi ajo, duke theksuar se dit\u00ebt e asambles\u00eb ishin t\u00eb mbushura me inspirim, shk\u00ebmbim p\u00ebrvojash dhe lidhje t\u00eb reja.<\/p>\n\n\n\n<p>Gjat\u00eb evenimentit, Ibrahimi foli edhe p\u00ebr zhvillimin e alpinizmit n\u00eb Kosov\u00eb, duke e vler\u00ebsuar k\u00ebt\u00eb si nj\u00eb arritje jo vet\u00ebm personale, por edhe p\u00ebr komunitetin e alpinist\u00ebve n\u00eb vend, q\u00eb po rritet dita-dit\u00ebs.<\/p>\n","protected":false},"excerpt":{"rendered":"<p>Alpinistja e njohur kosovare, Uta Ibrahimi, ka marr\u00eb nj\u00eb \u00e7mim nd\u00ebrkomb\u00ebtar nga Federata Nd\u00ebrkomb\u00ebtare e Shoqatave t\u00eb Alpinist\u00ebve (UIAA), duke u njohur p\u00ebr sukseset e saj t\u00eb jasht\u00ebzakonshme n\u00eb majat mbi 8.000 metra. Ajo sh\u00ebnon nj\u00eb tjet\u00ebr kapitull historik, duke u b\u00ebr\u00eb gruaja e par\u00eb nga Ballkani q\u00eb arrin k\u00ebt\u00eb nivel t\u00eb lart\u00eb t\u00eb alpinizmit. [&hellip;]<\/p>\n","protected":false},"author":2,"featured_media":2315,"comment_status":"closed","ping_status":"open","sticky":false,"template":"","format":"standard","meta":{"footnotes":""},"categories":[2,4],"tags":[],"class_list":["post-2314","post","type-post","status-publish","format-standard","has-post-thumbnail","hentry","category-pak-per-shqiptaret","category-pak-per-vendin","entry daho-fn-article"],"_links":{"self":[{"href":"https:\/\/gegfm.com\/1\/wp-json\/wp\/v2\/posts\/2314","targetHints":{"allow":["GET"]}}],"collection":[{"href":"https:\/\/gegfm.com\/1\/wp-json\/wp\/v2\/posts"}],"about":[{"href":"https:\/\/gegfm.com\/1\/wp-json\/wp\/v2\/types\/post"}],"author":[{"embeddable":true,"href":"https:\/\/gegfm.com\/1\/wp-json\/wp\/v2\/users\/2"}],"replies":[{"embeddable":true,"href":"https:\/\/gegfm.com\/1\/wp-json\/wp\/v2\/comments?post=2314"}],"version-history":[{"count":1,"href":"https:\/\/gegfm.com\/1\/wp-json\/wp\/v2\/posts\/2314\/revisions"}],"predecessor-version":[{"id":2316,"href":"https:\/\/gegfm.com\/1\/wp-json\/wp\/v2\/posts\/2314\/revisions\/2316"}],"wp:featuredmedia":[{"embeddable":true,"href":"https:\/\/gegfm.com\/1\/wp-json\/wp\/v2\/media\/2315"}],"wp:attachment":[{"href":"https:\/\/gegfm.com\/1\/wp-json\/wp\/v2\/media?parent=2314"}],"wp:term":[{"taxonomy":"category","embeddable":true,"href":"https:\/\/gegfm.com\/1\/wp-json\/wp\/v2\/categories?post=2314"},{"taxonomy":"post_tag","embeddable":true,"href":"https:\/\/gegfm.com\/1\/wp-json\/wp\/v2\/tags?post=2314"}],"curies":[{"name":"wp","href":"https:\/\/api.w.org\/{rel}","templated":true}]}}