{"id":2311,"date":"2025-10-25T16:50:34","date_gmt":"2025-10-25T14:50:34","guid":{"rendered":"https:\/\/gegfm.com\/1\/?p=2311"},"modified":"2025-10-25T16:50:35","modified_gmt":"2025-10-25T14:50:35","slug":"ora-dimerore-nis-sot-naten-ne-kosove-akrepat-e-ores-zhvendosen-nga-300-ne-200","status":"publish","type":"post","link":"https:\/\/gegfm.com\/1\/ora-dimerore-nis-sot-naten-ne-kosove-akrepat-e-ores-zhvendosen-nga-300-ne-200\/","title":{"rendered":"Ora Dim\u00ebrore Nis Sot Nat\u00ebn n\u00eb Kosov\u00eb: Akrepat e Or\u00ebs Zhvendosen Nga 3:00 n\u00eb 2:00"},"content":{"rendered":"\n<p>Nat\u00ebn nga e shtuna, 25 tetor 2025, n\u00eb t\u00eb diel, 26 tetor 2025, ora verore p\u00ebrfundon dhe fillon ora dim\u00ebrore n\u00eb Kosov\u00eb, me akrepat e or\u00ebs q\u00eb do t\u00eb zhvendosen nga 3:00 n\u00eb 2:00. Ky ndryshim zbatohet sipas rregullores qeveritare, e cila i referohet Aktit t\u00eb Ndryshimit t\u00eb Or\u00ebs, duke e filluar or\u00ebn verore m\u00eb 30 mars dhe duke e p\u00ebrfunduar m\u00eb 26 tetor.<\/p>\n\n\n\n<h4 class=\"wp-block-heading\">Rregulloret dhe Kritikat n\u00eb Bashkimin Evropian<\/h4>\n\n\n\n<p>Rregullat p\u00ebr ndryshimin e or\u00ebs u standardizuan n\u00eb Bashkimin Evropian n\u00eb vitin 1996, por q\u00eb at\u00ebher\u00eb kan\u00eb lindur debate t\u00eb shumta. Kritik\u00ebt argumentojn\u00eb se kalimi nga ora verore n\u00eb at\u00eb dim\u00ebrore, dhe anasjelltas, ka efekte negative n\u00eb ekonomi dhe sh\u00ebndetin publik, bazuar n\u00eb studime t\u00eb ndryshme q\u00eb tregojn\u00eb \u00e7rregullime t\u00eb gjumit dhe humbje produktiviteti. BE-ja propozoi heqjen e k\u00ebtij sistemi n\u00eb vitin 2018, por deri m\u00eb tani nuk \u00ebsht\u00eb arritur ndonj\u00eb marr\u00ebveshje p\u00ebr ta zbatuar ndryshimin.<\/p>\n\n\n\n<h4 class=\"wp-block-heading\">Pasojat dhe Perspektiva<\/h4>\n\n\n\n<p>Ndryshimi i or\u00ebs, i cili u jep nj\u00eb or\u00eb shtes\u00eb gjumi nat\u00ebn e sotme, mbetet nj\u00eb praktik\u00eb e kontestuar. Edhe pse synon t\u00eb p\u00ebrshtas\u00eb drit\u00ebn e dit\u00ebs me aktivitetet njer\u00ebzore, mungesa e konsensusit n\u00eb BE tregon nevoj\u00ebn p\u00ebr nj\u00eb rishikim t\u00eb politikave t\u00eb koh\u00ebs. Qytetar\u00ebt inkurajohen t\u00eb rregullojn\u00eb or\u00ebt e tyre p\u00ebr t\u00eb shmangur konfuzionin gjat\u00eb dit\u00ebs s\u00eb diel.<\/p>\n","protected":false},"excerpt":{"rendered":"<p>Nat\u00ebn nga e shtuna, 25 tetor 2025, n\u00eb t\u00eb diel, 26 tetor 2025, ora verore p\u00ebrfundon dhe fillon ora dim\u00ebrore n\u00eb Kosov\u00eb, me akrepat e or\u00ebs q\u00eb do t\u00eb zhvendosen nga 3:00 n\u00eb 2:00. Ky ndryshim zbatohet sipas rregullores qeveritare, e cila i referohet Aktit t\u00eb Ndryshimit t\u00eb Or\u00ebs, duke e filluar or\u00ebn verore m\u00eb [&hellip;]<\/p>\n","protected":false},"author":1,"featured_media":2312,"comment_status":"closed","ping_status":"open","sticky":false,"template":"","format":"standard","meta":{"footnotes":""},"categories":[4],"tags":[],"class_list":["post-2311","post","type-post","status-publish","format-standard","has-post-thumbnail","hentry","category-pak-per-vendin","entry daho-fn-article"],"_links":{"self":[{"href":"https:\/\/gegfm.com\/1\/wp-json\/wp\/v2\/posts\/2311","targetHints":{"allow":["GET"]}}],"collection":[{"href":"https:\/\/gegfm.com\/1\/wp-json\/wp\/v2\/posts"}],"about":[{"href":"https:\/\/gegfm.com\/1\/wp-json\/wp\/v2\/types\/post"}],"author":[{"embeddable":true,"href":"https:\/\/gegfm.com\/1\/wp-json\/wp\/v2\/users\/1"}],"replies":[{"embeddable":true,"href":"https:\/\/gegfm.com\/1\/wp-json\/wp\/v2\/comments?post=2311"}],"version-history":[{"count":1,"href":"https:\/\/gegfm.com\/1\/wp-json\/wp\/v2\/posts\/2311\/revisions"}],"predecessor-version":[{"id":2313,"href":"https:\/\/gegfm.com\/1\/wp-json\/wp\/v2\/posts\/2311\/revisions\/2313"}],"wp:featuredmedia":[{"embeddable":true,"href":"https:\/\/gegfm.com\/1\/wp-json\/wp\/v2\/media\/2312"}],"wp:attachment":[{"href":"https:\/\/gegfm.com\/1\/wp-json\/wp\/v2\/media?parent=2311"}],"wp:term":[{"taxonomy":"category","embeddable":true,"href":"https:\/\/gegfm.com\/1\/wp-json\/wp\/v2\/categories?post=2311"},{"taxonomy":"post_tag","embeddable":true,"href":"https:\/\/gegfm.com\/1\/wp-json\/wp\/v2\/tags?post=2311"}],"curies":[{"name":"wp","href":"https:\/\/api.w.org\/{rel}","templated":true}]}}