{"id":2304,"date":"2025-10-25T16:25:18","date_gmt":"2025-10-25T14:25:18","guid":{"rendered":"https:\/\/gegfm.com\/1\/?p=2304"},"modified":"2025-10-25T16:36:38","modified_gmt":"2025-10-25T14:36:38","slug":"lara-colturi-regjistron-nje-rezultat-historik-ne-hapjen-e-kupes-se-botes-ne-solden","status":"publish","type":"post","link":"https:\/\/gegfm.com\/1\/lara-colturi-regjistron-nje-rezultat-historik-ne-hapjen-e-kupes-se-botes-ne-solden\/","title":{"rendered":"Lara Colturi Regjistron nj\u00eb Rezultat Historik n\u00eb Hapjen e Kup\u00ebs s\u00eb Bot\u00ebs n\u00eb Solden"},"content":{"rendered":"\n<p>Sot, m\u00eb 25 tetor 2025, n\u00eb or\u00ebn 16:21 CEST, skiatorja shqiptare Lara Colturi ka arritur nj\u00eb sukses t\u00eb jasht\u00ebzakonsh\u00ebm n\u00eb gar\u00ebn hap\u00ebse t\u00eb edicionit t\u00eb 60-t\u00eb t\u00eb Kup\u00ebs s\u00eb Bot\u00ebs n\u00eb skijim alpin, duke u renditur n\u00eb vendin e shtat\u00eb n\u00eb disiplin\u00ebn e sllallomit t\u00eb madh (giant slalom) n\u00eb Solden t\u00eb Austris\u00eb. Ky rezultat i shk\u00eblqyer, q\u00eb e vendos 19-vje\u00e7aren nga Tirana n\u00eb podiumin e gar\u00ebs s\u00eb par\u00eb t\u00eb sezonit, v\u00ebrteton form\u00ebn e saj t\u00eb lart\u00eb dhe premton nj\u00eb edicion t\u00eb suksessh\u00ebm.<\/p>\n\n\n\n<h4 class=\"wp-block-heading\">Nj\u00eb Performanc\u00eb Imponuese p\u00ebr Shqip\u00ebrin\u00eb<\/h4>\n\n\n\n<p>Colturi p\u00ebrfundoi gar\u00ebn me nj\u00eb koh\u00eb totale prej 2:18.24, duke mbetur vet\u00ebm 2.19 sekonda pas fitueses Julia Scheib nga Austria (2:16.05). Me koh\u00ebn e saj t\u00eb par\u00eb 1:08.39 dhe t\u00eb dyt\u00ebs 1:09.85, ajo tregoi stabilitet t\u00eb admiruesh\u00ebm n\u00eb pist\u00ebn e v\u00ebshtir\u00eb Rettenbach, duke u renditur para skiareve si Zrinka Ljutic nga Kroacia (8-t\u00eb) dhe Paula Moltzan nga SHBA (3-t\u00eb). Ky \u00ebsht\u00eb rezultati m\u00eb i mir\u00eb i nj\u00eb sportive shqiptare n\u00eb nj\u00eb gar\u00eb hap\u00ebse t\u00eb Kup\u00ebs s\u00eb Bot\u00ebs, duke e sh\u00ebnuar at\u00eb si nj\u00eb talent n\u00eb rritje.<\/p>\n\n\n\n<h4 class=\"wp-block-heading\">Podiumi dhe Fituesja<\/h4>\n\n\n\n<p>Fituesja Julia Scheib, 26-vje\u00e7arja austriake, dominoi gar\u00ebn me nj\u00eb koh\u00eb prej 2:16.05, duke u shp\u00ebrblyer me duartrokitjet e tifoz\u00ebve vendas dhe duke l\u00ebn\u00eb pas Paula Moltzan-in (2:16.63, +0.58 sekonda) dhe Lara Gut-Behrami-n nga Zvicra (2:16.71). Mikaela Shiffrin, 30-vje\u00e7arja amerikane, u rendit e kat\u00ebrta me 2:17.32, duke treguar rikthim pas nj\u00eb sezoni t\u00eb v\u00ebshtir\u00eb. P\u00ebr Colturi-n, kjo performanc\u00eb sh\u00ebnon nj\u00eb pik\u00eb kulmore n\u00eb karrier\u00ebn e saj t\u00eb hershme, pas sukseseve t\u00eb para n\u00eb sezonin e kaluar.<\/p>\n\n\n\n<h4 class=\"wp-block-heading\">Krenari p\u00ebr Skijimin Shqiptar<\/h4>\n\n\n\n<p>Kjo arritje sh\u00ebnon nj\u00eb moment historik p\u00ebr skijimin shqiptar, duke e vendosur Colturi-n si nj\u00eb nga yjet premtues t\u00eb sportit. Ajo, q\u00eb debutoi n\u00eb Kup\u00ebn e Bot\u00ebs n\u00eb mosh\u00ebn 16-vje\u00e7are, ka fituar respekt p\u00ebr aft\u00ebsit\u00eb e saj n\u00eb sllallom t\u00eb madh dhe slalom, duke mbajtur lart flamurin kuqezi n\u00eb garat m\u00eb t\u00eb larta bot\u00ebrore. Trajneri Erjon Tela vuri n\u00eb dukje: \u201cKy vend i 7-t\u00eb tregon pun\u00ebn e palodhur t\u00eb Lar\u00ebs dhe hap rrug\u00ebn p\u00ebr suksese t\u00eb m\u00ebdha k\u00ebt\u00eb sezon.\u201d<\/p>\n\n\n\n<p>Me k\u00ebt\u00eb performanc\u00eb, Colturi jo vet\u00ebm q\u00eb frym\u00ebzon t\u00eb rinjt\u00eb shqiptar\u00eb, por edhe ngrit profilin e skijimit n\u00eb vend, duke e b\u00ebr\u00eb k\u00ebt\u00eb edicion t\u00eb Kup\u00ebs s\u00eb Bot\u00ebs nj\u00eb burim krenarie komb\u00ebtare.<\/p>\n\n\n\n<iframe loading=\"lazy\" src=\"https:\/\/www.facebook.com\/plugins\/video.php?height=314&#038;href=https%3A%2F%2Fwww.facebook.com%2Freel%2F1144262913970539%2F&#038;show_text=false&#038;width=560&#038;t=0\" width=\"560\" height=\"314\" style=\"border:none;overflow:hidden\" scrolling=\"no\" frameborder=\"0\" allowfullscreen=\"true\" allow=\"autoplay; clipboard-write; encrypted-media; picture-in-picture; web-share\" allowFullScreen=\"true\"><\/iframe>\n","protected":false},"excerpt":{"rendered":"<p>Sot, m\u00eb 25 tetor 2025, n\u00eb or\u00ebn 16:21 CEST, skiatorja shqiptare Lara Colturi ka arritur nj\u00eb sukses t\u00eb jasht\u00ebzakonsh\u00ebm n\u00eb gar\u00ebn hap\u00ebse t\u00eb edicionit t\u00eb 60-t\u00eb t\u00eb Kup\u00ebs s\u00eb Bot\u00ebs n\u00eb skijim alpin, duke u renditur n\u00eb vendin e shtat\u00eb n\u00eb disiplin\u00ebn e sllallomit t\u00eb madh (giant slalom) n\u00eb Solden t\u00eb Austris\u00eb. Ky rezultat i [&hellip;]<\/p>\n","protected":false},"author":1,"featured_media":2305,"comment_status":"closed","ping_status":"open","sticky":false,"template":"","format":"standard","meta":{"footnotes":""},"categories":[2,7,4],"tags":[],"class_list":["post-2304","post","type-post","status-publish","format-standard","has-post-thumbnail","hentry","category-pak-per-shqiptaret","category-pak-per-sportin","category-pak-per-vendin","entry daho-fn-article"],"_links":{"self":[{"href":"https:\/\/gegfm.com\/1\/wp-json\/wp\/v2\/posts\/2304","targetHints":{"allow":["GET"]}}],"collection":[{"href":"https:\/\/gegfm.com\/1\/wp-json\/wp\/v2\/posts"}],"about":[{"href":"https:\/\/gegfm.com\/1\/wp-json\/wp\/v2\/types\/post"}],"author":[{"embeddable":true,"href":"https:\/\/gegfm.com\/1\/wp-json\/wp\/v2\/users\/1"}],"replies":[{"embeddable":true,"href":"https:\/\/gegfm.com\/1\/wp-json\/wp\/v2\/comments?post=2304"}],"version-history":[{"count":1,"href":"https:\/\/gegfm.com\/1\/wp-json\/wp\/v2\/posts\/2304\/revisions"}],"predecessor-version":[{"id":2306,"href":"https:\/\/gegfm.com\/1\/wp-json\/wp\/v2\/posts\/2304\/revisions\/2306"}],"wp:featuredmedia":[{"embeddable":true,"href":"https:\/\/gegfm.com\/1\/wp-json\/wp\/v2\/media\/2305"}],"wp:attachment":[{"href":"https:\/\/gegfm.com\/1\/wp-json\/wp\/v2\/media?parent=2304"}],"wp:term":[{"taxonomy":"category","embeddable":true,"href":"https:\/\/gegfm.com\/1\/wp-json\/wp\/v2\/categories?post=2304"},{"taxonomy":"post_tag","embeddable":true,"href":"https:\/\/gegfm.com\/1\/wp-json\/wp\/v2\/tags?post=2304"}],"curies":[{"name":"wp","href":"https:\/\/api.w.org\/{rel}","templated":true}]}}