{"id":2262,"date":"2025-10-23T16:02:30","date_gmt":"2025-10-23T14:02:30","guid":{"rendered":"https:\/\/gegfm.com\/1\/?p=2262"},"modified":"2025-10-23T16:02:31","modified_gmt":"2025-10-23T14:02:31","slug":"mbremja-e-trete-e-ciklit-netet-e-filmit-shqiptar-ne-prishtine-me-filmin-vdekja-e-kalit","status":"publish","type":"post","link":"https:\/\/gegfm.com\/1\/mbremja-e-trete-e-ciklit-netet-e-filmit-shqiptar-ne-prishtine-me-filmin-vdekja-e-kalit\/","title":{"rendered":"Mbr\u00ebmja e Tret\u00eb e Ciklit \u201cNet\u00ebt e Filmit Shqiptar\u201d n\u00eb Prishtin\u00eb me Filmin \u201cVdekja e Kalit\u201d"},"content":{"rendered":"\n<p>Ambasada e Republik\u00ebs s\u00eb Shqip\u00ebris\u00eb n\u00eb Kosov\u00eb fton publikun n\u00eb mbr\u00ebmjen e tret\u00eb t\u00eb ciklit kulturor \u201cNet\u00ebt e Filmit Shqiptar\u201d, e cila do t\u00eb mbahet t\u00eb m\u00ebrkur\u00ebn, m\u00eb 29 tetor 2025, n\u00eb or\u00ebn 20:00, n\u00eb Kino Armata n\u00eb Prishtin\u00eb. N\u00eb fokus t\u00eb k\u00ebsaj ngjarjeje do t\u00eb jet\u00eb shfaqja e filmit artistik \u201cVdekja e Kalit\u201d (1992), nj\u00eb nga veprat kulmore t\u00eb kinemas\u00eb shqiptare, me regji t\u00eb Saimir Kumbaros, q\u00eb simbolizon periudh\u00ebn e ndryshimeve shoq\u00ebrore dramatike n\u00eb Shqip\u00ebri pas r\u00ebnies s\u00eb komunizmit.<\/p>\n\n\n\n<h4 class=\"wp-block-heading\">Detaje t\u00eb Filmit dhe R\u00ebnd\u00ebsia e Tij<\/h4>\n\n\n\n<p>\u201cVdekja e Kalit\u201d konsiderohet nj\u00eb pik\u00eb kthese n\u00eb historin\u00eb e filmit shqiptar, duke p\u00ebrshkruar me metafora dhe simboliz\u00ebm kriz\u00ebn identitare dhe sociale t\u00eb viteve 1990. Filmi, i cili ka fituar admirim p\u00ebr interpretimin e aktor\u00ebve dhe stilin regjisorial t\u00eb Kumbaros, do t\u00eb prezantohet p\u00ebr publikun e Prishtin\u00ebs si pjes\u00eb e p\u00ebrpjekjeve p\u00ebr t\u00eb promovuar trash\u00ebgimin\u00eb kinematografike t\u00eb p\u00ebrbashk\u00ebt mes Shqip\u00ebris\u00eb dhe Kosov\u00ebs. Kjo shfaqje \u00ebsht\u00eb nj\u00eb mund\u00ebsi p\u00ebr t\u00eb njohur nj\u00eb periudh\u00eb ky\u00e7e t\u00eb historis\u00eb p\u00ebrmes artit.<\/p>\n\n\n\n<h4 class=\"wp-block-heading\">Cikli Kulturor dhe Bashk\u00ebpunimi<\/h4>\n\n\n\n<p>Ky cik\u00ebl filmash organizohet nga Ambasada e Republik\u00ebs s\u00eb Shqip\u00ebris\u00eb n\u00eb Kosov\u00eb, n\u00eb bashk\u00ebpunim me Arkivin Qendror Shtet\u00ebror t\u00eb Filmit dhe Kino Armat\u00ebn, dhe do t\u00eb vazhdoj\u00eb deri n\u00eb n\u00ebntor 2025. Programi p\u00ebrfshin nj\u00eb p\u00ebrzgjedhje t\u00eb ve\u00e7ant\u00eb filmash nga regjisor\u00eb t\u00eb shquar si Dhimit\u00ebr Anagnosti, Xhanfise Keko, Saimir Kumbaro, Fehmi Hoshafi dhe Muharrem Fejzollari, duke ofruar nj\u00eb udh\u00ebtim n\u00eb trash\u00ebgimin\u00eb e pasur t\u00eb kinemas\u00eb shqiptare. Seancat synojn\u00eb t\u00eb jen\u00eb hap\u00ebsira kulturore dhe edukative, t\u00eb hapura p\u00ebr nx\u00ebn\u00ebsit e shkollave dhe publikun e gjer\u00eb filmdash\u00ebs, duke ruajtur dhe promovuar tradit\u00ebn filmike.<\/p>\n\n\n\n<h4 class=\"wp-block-heading\">Pritshm\u00ebrit\u00eb n\u00eb Prishtin\u00eb<\/h4>\n\n\n\n<p>Nisma po pritet me entuziaz\u00ebm t\u00eb madh n\u00eb kryeqytet, duke u shnd\u00ebrruar n\u00eb nj\u00eb ur\u00eb lidh\u00ebse mes brezave dhe vlerave t\u00eb p\u00ebrbashk\u00ebta artistike. Tifoz\u00ebt e filmit dhe qytetar\u00ebt e Prishtin\u00ebs kan\u00eb shprehur interes p\u00ebr t\u00eb ndjekur k\u00ebt\u00eb cik\u00ebl, i cili jo vet\u00ebm q\u00eb sjell art, por edhe forcon lidhjet kulturore mes dy vendeve. Hyrja \u00ebsht\u00eb falas, dhe t\u00eb gjith\u00eb jan\u00eb t\u00eb ftuar t\u00eb marrin pjes\u00eb n\u00eb k\u00ebt\u00eb mbr\u00ebmje t\u00eb ve\u00e7ant\u00eb.<\/p>\n","protected":false},"excerpt":{"rendered":"<p>Ambasada e Republik\u00ebs s\u00eb Shqip\u00ebris\u00eb n\u00eb Kosov\u00eb fton publikun n\u00eb mbr\u00ebmjen e tret\u00eb t\u00eb ciklit kulturor \u201cNet\u00ebt e Filmit Shqiptar\u201d, e cila do t\u00eb mbahet t\u00eb m\u00ebrkur\u00ebn, m\u00eb 29 tetor 2025, n\u00eb or\u00ebn 20:00, n\u00eb Kino Armata n\u00eb Prishtin\u00eb. N\u00eb fokus t\u00eb k\u00ebsaj ngjarjeje do t\u00eb jet\u00eb shfaqja e filmit artistik \u201cVdekja e Kalit\u201d (1992), [&hellip;]<\/p>\n","protected":false},"author":1,"featured_media":2263,"comment_status":"closed","ping_status":"open","sticky":false,"template":"","format":"standard","meta":{"footnotes":""},"categories":[1,6,2,4],"tags":[],"class_list":["post-2262","post","type-post","status-publish","format-standard","has-post-thumbnail","hentry","category-pak-per-filmin","category-pak-per-kulturen","category-pak-per-shqiptaret","category-pak-per-vendin","entry daho-fn-article"],"_links":{"self":[{"href":"https:\/\/gegfm.com\/1\/wp-json\/wp\/v2\/posts\/2262","targetHints":{"allow":["GET"]}}],"collection":[{"href":"https:\/\/gegfm.com\/1\/wp-json\/wp\/v2\/posts"}],"about":[{"href":"https:\/\/gegfm.com\/1\/wp-json\/wp\/v2\/types\/post"}],"author":[{"embeddable":true,"href":"https:\/\/gegfm.com\/1\/wp-json\/wp\/v2\/users\/1"}],"replies":[{"embeddable":true,"href":"https:\/\/gegfm.com\/1\/wp-json\/wp\/v2\/comments?post=2262"}],"version-history":[{"count":1,"href":"https:\/\/gegfm.com\/1\/wp-json\/wp\/v2\/posts\/2262\/revisions"}],"predecessor-version":[{"id":2264,"href":"https:\/\/gegfm.com\/1\/wp-json\/wp\/v2\/posts\/2262\/revisions\/2264"}],"wp:featuredmedia":[{"embeddable":true,"href":"https:\/\/gegfm.com\/1\/wp-json\/wp\/v2\/media\/2263"}],"wp:attachment":[{"href":"https:\/\/gegfm.com\/1\/wp-json\/wp\/v2\/media?parent=2262"}],"wp:term":[{"taxonomy":"category","embeddable":true,"href":"https:\/\/gegfm.com\/1\/wp-json\/wp\/v2\/categories?post=2262"},{"taxonomy":"post_tag","embeddable":true,"href":"https:\/\/gegfm.com\/1\/wp-json\/wp\/v2\/tags?post=2262"}],"curies":[{"name":"wp","href":"https:\/\/api.w.org\/{rel}","templated":true}]}}