{"id":2034,"date":"2025-10-14T11:48:28","date_gmt":"2025-10-14T09:48:28","guid":{"rendered":"https:\/\/gegfm.com\/1\/?p=2034"},"modified":"2025-10-14T11:48:28","modified_gmt":"2025-10-14T09:48:28","slug":"adelina-ismaili-rikthehet-ne-skene-me-nje-koncert-te-vecante","status":"publish","type":"post","link":"https:\/\/gegfm.com\/1\/adelina-ismaili-rikthehet-ne-skene-me-nje-koncert-te-vecante\/","title":{"rendered":"Adelina Ismaili rikthehet n\u00eb sken\u00eb me nj\u00eb koncert t\u00eb ve\u00e7ant\u00eb"},"content":{"rendered":"\n<p>Pas shum\u00eb vitesh, ikon\u00eb e muzik\u00ebs shqiptare, Adelina Ismaili, rikthehet p\u00ebr t\u00eb dhuruar nj\u00eb eksperienc\u00eb t\u00eb ve\u00e7ant\u00eb p\u00ebr publikun e saj. <\/p>\n\n\n\n<p>K\u00ebng\u00ebt q\u00eb kan\u00eb shoq\u00ebruar nj\u00eb epok\u00eb dhe kan\u00eb mbetur t\u00eb paharrueshme n\u00eb kujtes\u00ebn kolektive do t\u00eb ringjallen n\u00eb nj\u00eb koncert q\u00eb premton emocione t\u00eb forta dhe nostalgji t\u00eb ve\u00e7ant\u00eb.<\/p>\n\n\n\n<p>Ky rikthim nuk \u00ebsht\u00eb thjesht nj\u00eb performanc\u00eb muzikore \u2013 \u00ebsht\u00eb nj\u00eb takim i drejtp\u00ebrdrejt\u00eb midis artit dhe publikut, ku \u00e7do k\u00ebng\u00eb sjell energjin\u00eb e koh\u00ebs, emocionin e kujtimeve dhe mesazhin e nj\u00eb z\u00ebri q\u00eb ka l\u00ebn\u00eb gjurm\u00eb t\u00eb pashlyeshme n\u00eb historin\u00eb e muzik\u00ebs shqipe.<\/p>\n\n\n\n<p>Adelina Ismaili ka sh\u00ebnuar standarde t\u00eb reja, ka thyer tabu dhe ka ndikuar n\u00eb zhvillimin e kultur\u00ebs muzikore shqiptare. Rikthimi i saj \u00ebsht\u00eb nj\u00eb moment i shum\u00ebpritur, q\u00eb bashkon nostalgjin\u00eb e brezave me fuqin\u00eb e nj\u00eb arti q\u00eb tejkalon koh\u00ebn.<\/p>\n\n\n\n<p><strong>Data:<\/strong> 26 n\u00ebntor<br><strong>Vendi:<\/strong> Salla AMC<br><strong>Biletat:<\/strong> <a href=\"https:\/\/rave-travel.com\">rave-travel.com<\/a><\/p>\n","protected":false},"excerpt":{"rendered":"<p>Pas shum\u00eb vitesh, ikon\u00eb e muzik\u00ebs shqiptare, Adelina Ismaili, rikthehet p\u00ebr t\u00eb dhuruar nj\u00eb eksperienc\u00eb t\u00eb ve\u00e7ant\u00eb p\u00ebr publikun e saj. K\u00ebng\u00ebt q\u00eb kan\u00eb shoq\u00ebruar nj\u00eb epok\u00eb dhe kan\u00eb mbetur t\u00eb paharrueshme n\u00eb kujtes\u00ebn kolektive do t\u00eb ringjallen n\u00eb nj\u00eb koncert q\u00eb premton emocione t\u00eb forta dhe nostalgji t\u00eb ve\u00e7ant\u00eb. Ky rikthim nuk \u00ebsht\u00eb thjesht [&hellip;]<\/p>\n","protected":false},"author":2,"featured_media":2035,"comment_status":"closed","ping_status":"open","sticky":false,"template":"","format":"standard","meta":{"footnotes":""},"categories":[26,4],"tags":[],"class_list":["post-2034","post","type-post","status-publish","format-standard","has-post-thumbnail","hentry","category-pak-per-muziken","category-pak-per-vendin","entry daho-fn-article"],"_links":{"self":[{"href":"https:\/\/gegfm.com\/1\/wp-json\/wp\/v2\/posts\/2034","targetHints":{"allow":["GET"]}}],"collection":[{"href":"https:\/\/gegfm.com\/1\/wp-json\/wp\/v2\/posts"}],"about":[{"href":"https:\/\/gegfm.com\/1\/wp-json\/wp\/v2\/types\/post"}],"author":[{"embeddable":true,"href":"https:\/\/gegfm.com\/1\/wp-json\/wp\/v2\/users\/2"}],"replies":[{"embeddable":true,"href":"https:\/\/gegfm.com\/1\/wp-json\/wp\/v2\/comments?post=2034"}],"version-history":[{"count":1,"href":"https:\/\/gegfm.com\/1\/wp-json\/wp\/v2\/posts\/2034\/revisions"}],"predecessor-version":[{"id":2036,"href":"https:\/\/gegfm.com\/1\/wp-json\/wp\/v2\/posts\/2034\/revisions\/2036"}],"wp:featuredmedia":[{"embeddable":true,"href":"https:\/\/gegfm.com\/1\/wp-json\/wp\/v2\/media\/2035"}],"wp:attachment":[{"href":"https:\/\/gegfm.com\/1\/wp-json\/wp\/v2\/media?parent=2034"}],"wp:term":[{"taxonomy":"category","embeddable":true,"href":"https:\/\/gegfm.com\/1\/wp-json\/wp\/v2\/categories?post=2034"},{"taxonomy":"post_tag","embeddable":true,"href":"https:\/\/gegfm.com\/1\/wp-json\/wp\/v2\/tags?post=2034"}],"curies":[{"name":"wp","href":"https:\/\/api.w.org\/{rel}","templated":true}]}}