{"id":1973,"date":"2025-10-11T14:19:52","date_gmt":"2025-10-11T12:19:52","guid":{"rendered":"https:\/\/gegfm.com\/1\/?p=1973"},"modified":"2025-10-11T14:19:53","modified_gmt":"2025-10-11T12:19:53","slug":"arber-ismajli-viziton-sc-gjilanin-ne-diten-e-fundit-te-fushates-zgjedhore","status":"publish","type":"post","link":"https:\/\/gegfm.com\/1\/arber-ismajli-viziton-sc-gjilanin-ne-diten-e-fundit-te-fushates-zgjedhore\/","title":{"rendered":"Arb\u00ebr Ismajli viziton SC Gjilanin n\u00eb dit\u00ebn e fundit t\u00eb fushat\u00ebs zgjedhore"},"content":{"rendered":"\n<p>N\u00eb dit\u00ebn e fundit t\u00eb fushat\u00ebs zgjedhore, kandidati i Lidhjes Demokratike t\u00eb Kosov\u00ebs p\u00ebr kryetar t\u00eb Komun\u00ebs s\u00eb Gjilanit, <strong>Arb\u00ebr Ismajli<\/strong>, s\u00eb bashku me kandidaten p\u00ebr Asamblen\u00eb Komunale, <strong>Gresa Avdiu<\/strong>, vizituan klubin sportiv <strong>SC Gjilani<\/strong>.<\/p>\n\n\n\n<p>Ky takim erdhi pas nj\u00eb muaji intensive komunikimi me qytetar\u00ebt, bizneset, artist\u00ebt, sportist\u00ebt dhe komunitetin lokal, duke theksuar angazhimin e tyre t\u00eb pand\u00ebrprer\u00eb p\u00ebr nj\u00eb Gjilan m\u00eb t\u00eb mir\u00eb.<\/p>\n\n\n\n<p>Gjat\u00eb vizit\u00ebs, Ismajli shprehu mir\u00ebnjohje p\u00ebr pun\u00ebn dhe p\u00ebrkushtimin e stafit dhe futbollist\u00ebve t\u00eb klubit. Ai fal\u00ebnderoi <strong>drejtorin gjeneral Syart Rrahmani<\/strong>, <strong>menaxherin Drilon Sylejmani<\/strong> dhe t\u00eb gjith\u00eb pjes\u00ebtar\u00ebt e klubit p\u00ebr kontributin e tyre n\u00eb rritjen e SC Gjilanit dhe p\u00ebr bashkimin q\u00eb krijojn\u00eb mes qytetar\u00ebve p\u00ebrmes sportit.<\/p>\n\n\n\n<p>\u201cKy klub sportiv \u00ebsht\u00eb histori e past\u00ebr, pasion dhe krenari gjilanase. Ai p\u00ebrfaq\u00ebson frym\u00ebn e qytetit, q\u00eb pulson n\u00eb \u00e7do ndeshje, n\u00eb \u00e7do gol dhe n\u00eb \u00e7do moment q\u00eb bashkon mij\u00ebra zemra rreth nj\u00eb q\u00ebllimi t\u00eb vet\u00ebm: dashuris\u00eb p\u00ebr Gjilanin,\u201d tha Ismajli.<\/p>\n\n\n\n<p>Kandidati gjithashtu i drejtoi fal\u00ebnderime t\u00eb ve\u00e7anta tifoz\u00ebve legjendar\u00eb t\u00eb klubit, <strong>SKIFTERAT<\/strong>, t\u00eb cil\u00ebt, sipas tij, jan\u00eb zemra dhe z\u00ebri i SC Gjilanit: \u201cJu jeni forca q\u00eb e ngrit k\u00ebt\u00eb klub n\u00eb majat e krenaris\u00eb. Pa ju, kjo histori nuk do t\u00eb kishte t\u00eb nj\u00ebjtin kuptim.\u201d<\/p>\n\n\n\n<p>N\u00eb p\u00ebrfundim, Arb\u00ebr Ismajli theksoi vizionin e tij p\u00ebr nj\u00eb <strong>Gjilan t\u00eb ri<\/strong>, ku sporti dhe tifoz\u00ebt do t\u00eb jen\u00eb gjithmon\u00eb t\u00eb mb\u00ebshtetur: \u201cAty ku ka pasion, bashkim dhe dashuri p\u00ebr qytetin, aty lind suksesi i v\u00ebrtet\u00eb i projektit t\u00eb Gjilanit t\u00eb ri.\u201d<\/p>\n\n\n\n<iframe loading=\"lazy\" src=\"https:\/\/www.facebook.com\/plugins\/post.php?href=https%3A%2F%2Fwww.facebook.com%2Farberrismajli%2Fposts%2Fpfbid0Af2B2vWdEH1zhFr7XqWXHWvMcWpLE73WFRjEMkuCk6aW4Hek4GZsZSr9G7JjEeDUl&#038;show_text=true&#038;width=500\" width=\"500\" height=\"792\" style=\"border:none;overflow:hidden\" scrolling=\"no\" frameborder=\"0\" allowfullscreen=\"true\" allow=\"autoplay; clipboard-write; encrypted-media; picture-in-picture; web-share\"><\/iframe>\n","protected":false},"excerpt":{"rendered":"<p>N\u00eb dit\u00ebn e fundit t\u00eb fushat\u00ebs zgjedhore, kandidati i Lidhjes Demokratike t\u00eb Kosov\u00ebs p\u00ebr kryetar t\u00eb Komun\u00ebs s\u00eb Gjilanit, Arb\u00ebr Ismajli, s\u00eb bashku me kandidaten p\u00ebr Asamblen\u00eb Komunale, Gresa Avdiu, vizituan klubin sportiv SC Gjilani. Ky takim erdhi pas nj\u00eb muaji intensive komunikimi me qytetar\u00ebt, bizneset, artist\u00ebt, sportist\u00ebt dhe komunitetin lokal, duke theksuar angazhimin e [&hellip;]<\/p>\n","protected":false},"author":2,"featured_media":1974,"comment_status":"closed","ping_status":"open","sticky":false,"template":"","format":"standard","meta":{"footnotes":""},"categories":[4],"tags":[],"class_list":["post-1973","post","type-post","status-publish","format-standard","has-post-thumbnail","hentry","category-pak-per-vendin","entry daho-fn-article"],"_links":{"self":[{"href":"https:\/\/gegfm.com\/1\/wp-json\/wp\/v2\/posts\/1973","targetHints":{"allow":["GET"]}}],"collection":[{"href":"https:\/\/gegfm.com\/1\/wp-json\/wp\/v2\/posts"}],"about":[{"href":"https:\/\/gegfm.com\/1\/wp-json\/wp\/v2\/types\/post"}],"author":[{"embeddable":true,"href":"https:\/\/gegfm.com\/1\/wp-json\/wp\/v2\/users\/2"}],"replies":[{"embeddable":true,"href":"https:\/\/gegfm.com\/1\/wp-json\/wp\/v2\/comments?post=1973"}],"version-history":[{"count":1,"href":"https:\/\/gegfm.com\/1\/wp-json\/wp\/v2\/posts\/1973\/revisions"}],"predecessor-version":[{"id":1975,"href":"https:\/\/gegfm.com\/1\/wp-json\/wp\/v2\/posts\/1973\/revisions\/1975"}],"wp:featuredmedia":[{"embeddable":true,"href":"https:\/\/gegfm.com\/1\/wp-json\/wp\/v2\/media\/1974"}],"wp:attachment":[{"href":"https:\/\/gegfm.com\/1\/wp-json\/wp\/v2\/media?parent=1973"}],"wp:term":[{"taxonomy":"category","embeddable":true,"href":"https:\/\/gegfm.com\/1\/wp-json\/wp\/v2\/categories?post=1973"},{"taxonomy":"post_tag","embeddable":true,"href":"https:\/\/gegfm.com\/1\/wp-json\/wp\/v2\/tags?post=1973"}],"curies":[{"name":"wp","href":"https:\/\/api.w.org\/{rel}","templated":true}]}}