{"id":1930,"date":"2025-10-10T12:51:23","date_gmt":"2025-10-10T10:51:23","guid":{"rendered":"https:\/\/gegfm.com\/1\/?p=1930"},"modified":"2025-10-10T12:51:24","modified_gmt":"2025-10-10T10:51:24","slug":"kosove-slloveni-gjithcka-gati-per-mbremjen-e-madhe-ne-fadil-vokrri","status":"publish","type":"post","link":"https:\/\/gegfm.com\/1\/kosove-slloveni-gjithcka-gati-per-mbremjen-e-madhe-ne-fadil-vokrri\/","title":{"rendered":"Kosov\u00eb \u2013 Slloveni: Gjith\u00e7ka gati p\u00ebr mbr\u00ebmjen e madhe n\u00eb \u201cFadil Vokrri\u201d"},"content":{"rendered":"\n<p>Atmosfer\u00eb elektrizuese pritet sonte n\u00eb stadiumin \u201cFadil Vokrri\u201d, ku Komb\u00ebtarja e Kosov\u00ebs do t\u00eb p\u00ebrballet me Sllovenin\u00eb n\u00eb nj\u00eb ndeshje tejet t\u00eb r\u00ebnd\u00ebsishme n\u00eb kuad\u00ebr t\u00eb kualifikimeve p\u00ebr <strong>Kup\u00ebn e Bot\u00ebs 2026<\/strong>.<\/p>\n\n\n\n<p>Dardan\u00ebt, t\u00eb udh\u00ebhequr nga trajneri <strong>Franco Foda<\/strong>, do t\u00eb k\u00ebrkojn\u00eb me \u00e7do kusht fitoren p\u00ebr t\u00eb mbajtur gjall\u00eb shpresat e tyre n\u00eb grup. P\u00ebrball\u00eb do t\u00eb ken\u00eb nj\u00eb kund\u00ebrshtar t\u00eb disiplinuar dhe fizikisht t\u00eb fort\u00eb, teksa <strong>Sllovenia<\/strong> vjen n\u00eb Prishtin\u00eb me objektivin e qart\u00eb p\u00ebr t\u00eb ruajtur pozitat e saj n\u00eb renditje.<\/p>\n\n\n\n<p><strong>Franco Foda: \u201cBesoj n\u00eb skuadr\u00ebn time \u2013 p\u00ebrpara tifoz\u00ebve tan\u00eb do t\u00eb japim maksimumin\u201d<\/strong><\/p>\n\n\n\n<p>N\u00eb konferenc\u00ebn e fundit p\u00ebr media, p\u00ebrzgjedh\u00ebsi i Kosov\u00ebs u shpreh i qet\u00eb, por i vendosur p\u00ebr rezultat pozitiv.<\/p>\n\n\n\n<p>\u201cSllovenia \u00ebsht\u00eb nj\u00eb skuad\u00ebr me mbrojtje shum\u00eb t\u00eb mir\u00eb, ndaj p\u00ebr ne \u00ebsht\u00eb e r\u00ebnd\u00ebsishme t\u00eb jemi t\u00eb kujdessh\u00ebm prapa dhe t\u00eb shfryt\u00ebzojm\u00eb rastet p\u00ebrpara p\u00ebr t\u00eb sh\u00ebnuar gola. Atmosfera \u00ebsht\u00eb shum\u00eb e mir\u00eb. T\u00eb gjith\u00eb lojtar\u00ebt jan\u00eb n\u00eb form\u00eb t\u00eb mir\u00eb. Jam i bindur q\u00eb n\u00eb fush\u00ebn ton\u00eb dhe para tifoz\u00ebve tan\u00eb do t\u00eb b\u00ebjm\u00eb nj\u00eb paraqitje t\u00eb shk\u00eblqyer.\u201d, deklaroi Foda.<br><\/p>\n\n\n\n<p><strong>Matjaz Kek: \u201cKosova ka motiv t\u00eb madh \u2013 duhet t\u00eb jemi t\u00eb kujdessh\u00ebm<\/strong><\/p>\n\n\n\n<p>Nga ana tjet\u00ebr, trajneri i Sllovenis\u00eb, <strong>Matjaz Kek<\/strong>, ka pranuar se pret nj\u00eb ndeshje t\u00eb fort\u00eb dhe me shum\u00eb duele.<\/p>\n\n\n\n<p>\u201cKjo do t\u00eb jet\u00eb nj\u00eb sfid\u00eb me shum\u00eb duele dhe agresivitet. E dim\u00eb q\u00eb Kosova ka nevoj\u00eb p\u00ebr pik\u00eb dhe do t\u00eb luaj\u00eb me motiv t\u00eb madh. Ne duhet t\u00eb jemi t\u00eb p\u00ebrqendruar maksimalisht, p\u00ebrndryshe nd\u00ebshkimi vjen shpejt,\u201d u shpreh Kek.<\/p>\n\n\n\n<p><strong>Prishtina n\u00eb ethe futbolli<\/strong><\/p>\n\n\n\n<p>Qyteti \u00ebsht\u00eb veshur me ngjyrat <strong>blu dhe t\u00eb verdh\u00eb<\/strong>, nd\u00ebrsa pritet q\u00eb stadiumi t\u00eb jet\u00eb i mbushur plot, me mij\u00ebra tifoz\u00eb q\u00eb do t\u00eb krijojn\u00eb atmosfer\u00ebn unike q\u00eb vet\u00ebm \u201cDardan\u00ebt\u201d din\u00eb ta sjellin.<\/p>\n\n\n\n<p>Komb\u00ebtarja e Kosov\u00ebs do t\u00eb k\u00ebrkoj\u00eb t\u00eb rikthej\u00eb emocionin e fitoreve n\u00eb sht\u00ebpi, me lojtar\u00eb si <strong>Muriqi, Rashica, Rrahmani e Zhegrova<\/strong> q\u00eb pritet t\u00eb jen\u00eb n\u00eb qend\u00ebr t\u00eb v\u00ebmendjes.<\/p>\n\n\n\n<p>Sfida <strong>Kosov\u00eb \u2013 Slloveni<\/strong> fillon n\u00eb or\u00ebn <strong>20:45<\/strong>, dhe do t\u00eb transmetohet drejtp\u00ebrdrejt p\u00ebr t\u00eb gjith\u00eb adhuruesit e futbollit.<\/p>\n\n\n\n<p>Mbr\u00ebmja e sotme pritet t\u00eb jet\u00eb m\u00eb shum\u00eb se nj\u00eb ndeshje \u2013 \u00ebsht\u00eb nj\u00eb prov\u00eb karakteri, pasioni dhe besimi p\u00ebr djemt\u00eb e Kosov\u00ebs, q\u00eb synojn\u00eb t\u00eb mbajn\u00eb gjall\u00eb \u00ebndrr\u00ebn drejt Bot\u00ebrorit 2026.<\/p>\n\n\n\n<p><strong>#ForcaDardan\u00ebt <\/strong><strong>\ud83d\udc99\ud83d\udc9b<\/strong><\/p>\n","protected":false},"excerpt":{"rendered":"<p>Atmosfer\u00eb elektrizuese pritet sonte n\u00eb stadiumin \u201cFadil Vokrri\u201d, ku Komb\u00ebtarja e Kosov\u00ebs do t\u00eb p\u00ebrballet me Sllovenin\u00eb n\u00eb nj\u00eb ndeshje tejet t\u00eb r\u00ebnd\u00ebsishme n\u00eb kuad\u00ebr t\u00eb kualifikimeve p\u00ebr Kup\u00ebn e Bot\u00ebs 2026. Dardan\u00ebt, t\u00eb udh\u00ebhequr nga trajneri Franco Foda, do t\u00eb k\u00ebrkojn\u00eb me \u00e7do kusht fitoren p\u00ebr t\u00eb mbajtur gjall\u00eb shpresat e tyre n\u00eb grup. [&hellip;]<\/p>\n","protected":false},"author":2,"featured_media":1931,"comment_status":"closed","ping_status":"open","sticky":false,"template":"","format":"standard","meta":{"footnotes":""},"categories":[7,4],"tags":[],"class_list":["post-1930","post","type-post","status-publish","format-standard","has-post-thumbnail","hentry","category-pak-per-sportin","category-pak-per-vendin","entry daho-fn-article"],"_links":{"self":[{"href":"https:\/\/gegfm.com\/1\/wp-json\/wp\/v2\/posts\/1930","targetHints":{"allow":["GET"]}}],"collection":[{"href":"https:\/\/gegfm.com\/1\/wp-json\/wp\/v2\/posts"}],"about":[{"href":"https:\/\/gegfm.com\/1\/wp-json\/wp\/v2\/types\/post"}],"author":[{"embeddable":true,"href":"https:\/\/gegfm.com\/1\/wp-json\/wp\/v2\/users\/2"}],"replies":[{"embeddable":true,"href":"https:\/\/gegfm.com\/1\/wp-json\/wp\/v2\/comments?post=1930"}],"version-history":[{"count":1,"href":"https:\/\/gegfm.com\/1\/wp-json\/wp\/v2\/posts\/1930\/revisions"}],"predecessor-version":[{"id":1932,"href":"https:\/\/gegfm.com\/1\/wp-json\/wp\/v2\/posts\/1930\/revisions\/1932"}],"wp:featuredmedia":[{"embeddable":true,"href":"https:\/\/gegfm.com\/1\/wp-json\/wp\/v2\/media\/1931"}],"wp:attachment":[{"href":"https:\/\/gegfm.com\/1\/wp-json\/wp\/v2\/media?parent=1930"}],"wp:term":[{"taxonomy":"category","embeddable":true,"href":"https:\/\/gegfm.com\/1\/wp-json\/wp\/v2\/categories?post=1930"},{"taxonomy":"post_tag","embeddable":true,"href":"https:\/\/gegfm.com\/1\/wp-json\/wp\/v2\/tags?post=1930"}],"curies":[{"name":"wp","href":"https:\/\/api.w.org\/{rel}","templated":true}]}}