{"id":1778,"date":"2025-10-06T12:26:06","date_gmt":"2025-10-06T10:26:06","guid":{"rendered":"https:\/\/gegfm.com\/1\/?p=1778"},"modified":"2025-10-06T12:26:07","modified_gmt":"2025-10-06T10:26:07","slug":"po-zhvillohet-samiti-i-brdo-brionit-ne-durres-me-udheheqesit-e-ballkanit-perendimor","status":"publish","type":"post","link":"https:\/\/gegfm.com\/1\/po-zhvillohet-samiti-i-brdo-brionit-ne-durres-me-udheheqesit-e-ballkanit-perendimor\/","title":{"rendered":"Po zhvillohet Samiti i Brdo-Brionit n\u00eb Durr\u00ebs me udh\u00ebheq\u00ebsit e Ballkanit Per\u00ebndimor"},"content":{"rendered":"\n<p>Sot n\u00eb <strong>Durr\u00ebs<\/strong> po zhvillohet <strong>Samiti i Iniciativ\u00ebs Brdo-Brioni<\/strong>, i mbledhur n\u00ebn moton <em>\u201cInteresa t\u00eb p\u00ebrbashk\u00ebta, angazhim i p\u00ebrbashk\u00ebt p\u00ebr nj\u00eb t\u00eb ardhme t\u00eb p\u00ebrbashk\u00ebt: S\u00eb bashku drejt BE-s\u00eb\u201d<\/em>. Takimi organizohet nga president\u00ebt e <strong>Sllovenis\u00eb dhe Kroacis\u00eb<\/strong>, <strong>Natasha Pirc Musar<\/strong> dhe <strong>Zoran Milanoviq<\/strong>, dhe drejtohet nga <strong>Presidenti i Shqip\u00ebris\u00eb, Bajram Begaj<\/strong>. Fokus i k\u00ebtij samiti \u00ebsht\u00eb <strong>Plani i Rritjes s\u00eb Bashkimit Evropian p\u00ebr Ballkanin Per\u00ebndimor<\/strong>, nj\u00eb instrument financiar me vler\u00eb <strong>6 miliard\u00eb euro<\/strong> p\u00ebr periudh\u00ebn 2024\u20132027, q\u00eb synon integrimin gradual t\u00eb vendeve t\u00eb rajonit n\u00eb tregun e p\u00ebrbashk\u00ebt evropian.<\/p>\n\n\n\n<p>Pjes\u00ebmarrjen e kan\u00eb konfirmuar t\u00eb gjith\u00eb an\u00ebtar\u00ebt e Iniciativ\u00ebs, duke p\u00ebrfshir\u00eb <strong>Presidenten e Kosov\u00ebs, Vjosa Osmani<\/strong>, <strong>Presidentin e Serbis\u00eb, Aleksandar Vu\u00e7iq<\/strong>, <strong>Presidentin e Malit t\u00eb Zi, Jakov Milatoviq<\/strong>, an\u00ebtar\u00ebt e Presidenc\u00ebs s\u00eb Bosnj\u00eb-Hercegovin\u00ebs dhe <strong>Presidenten e Maqedonis\u00eb s\u00eb Veriut, Gordana Siljanovska-Davkova<\/strong>. Samiti do t\u00eb fokusohet n\u00eb <strong>stabilitetin rajonal, rritjen ekonomike dhe forcimin e bashk\u00ebpunimit nd\u00ebr-vendeve t\u00eb Ballkanit Per\u00ebndimor<\/strong>.<\/p>\n\n\n\n<p>Sipas ndarjes s\u00eb fondeve t\u00eb Planit t\u00eb Rritjes, <strong>Serbia<\/strong> do t\u00eb p\u00ebrfitoj\u00eb mbi <strong>1.5 miliard\u00eb euro<\/strong>, <strong>Shqip\u00ebria mbi 920 milion\u00eb euro<\/strong>, <strong>Bosnj\u00eb-Hercegovina rreth 900 milion\u00eb euro<\/strong>, <strong>Kosova rreth 880 milion\u00eb euro<\/strong>, <strong>Maqedonia e Veriut mbi 750 milion\u00eb euro<\/strong>, dhe <strong>Mali i Zi 380 milion\u00eb euro<\/strong>. Ky plan synon t\u00eb p\u00ebrshpejtoj\u00eb integrimin ekonomik dhe politik t\u00eb rajonit n\u00eb Bashkimin Evropian.<\/p>\n\n\n\n<p><strong>Iniciativa Brdo-Brioni<\/strong>, e themeluar n\u00eb <strong>2013<\/strong>, ka p\u00ebr q\u00ebllim t\u00eb forcoj\u00eb bashk\u00ebpunimin rajonal dhe t\u00eb leht\u00ebsoj\u00eb rrug\u00ebn drejt an\u00ebtar\u00ebsimit n\u00eb BE. Samiti i k\u00ebtij viti n\u00eb Durr\u00ebs pritet t\u00eb vijoj\u00eb zotimet e m\u00ebparshme p\u00ebr <strong>marr\u00ebdh\u00ebnie t\u00eb fqinj\u00ebsis\u00eb s\u00eb mir\u00eb, reforma dhe zhvillim ekonomik<\/strong>, duke theksuar r\u00ebnd\u00ebsin\u00eb e bashk\u00ebpunimit t\u00eb ngusht\u00eb midis vendeve t\u00eb Ballkanit Per\u00ebndimor.<\/p>\n","protected":false},"excerpt":{"rendered":"<p>Sot n\u00eb Durr\u00ebs po zhvillohet Samiti i Iniciativ\u00ebs Brdo-Brioni, i mbledhur n\u00ebn moton \u201cInteresa t\u00eb p\u00ebrbashk\u00ebta, angazhim i p\u00ebrbashk\u00ebt p\u00ebr nj\u00eb t\u00eb ardhme t\u00eb p\u00ebrbashk\u00ebt: S\u00eb bashku drejt BE-s\u00eb\u201d. Takimi organizohet nga president\u00ebt e Sllovenis\u00eb dhe Kroacis\u00eb, Natasha Pirc Musar dhe Zoran Milanoviq, dhe drejtohet nga Presidenti i Shqip\u00ebris\u00eb, Bajram Begaj. Fokus i k\u00ebtij samiti [&hellip;]<\/p>\n","protected":false},"author":3,"featured_media":1779,"comment_status":"closed","ping_status":"open","sticky":false,"template":"","format":"standard","meta":{"footnotes":""},"categories":[4],"tags":[],"class_list":["post-1778","post","type-post","status-publish","format-standard","has-post-thumbnail","hentry","category-pak-per-vendin","entry daho-fn-article"],"_links":{"self":[{"href":"https:\/\/gegfm.com\/1\/wp-json\/wp\/v2\/posts\/1778","targetHints":{"allow":["GET"]}}],"collection":[{"href":"https:\/\/gegfm.com\/1\/wp-json\/wp\/v2\/posts"}],"about":[{"href":"https:\/\/gegfm.com\/1\/wp-json\/wp\/v2\/types\/post"}],"author":[{"embeddable":true,"href":"https:\/\/gegfm.com\/1\/wp-json\/wp\/v2\/users\/3"}],"replies":[{"embeddable":true,"href":"https:\/\/gegfm.com\/1\/wp-json\/wp\/v2\/comments?post=1778"}],"version-history":[{"count":1,"href":"https:\/\/gegfm.com\/1\/wp-json\/wp\/v2\/posts\/1778\/revisions"}],"predecessor-version":[{"id":1780,"href":"https:\/\/gegfm.com\/1\/wp-json\/wp\/v2\/posts\/1778\/revisions\/1780"}],"wp:featuredmedia":[{"embeddable":true,"href":"https:\/\/gegfm.com\/1\/wp-json\/wp\/v2\/media\/1779"}],"wp:attachment":[{"href":"https:\/\/gegfm.com\/1\/wp-json\/wp\/v2\/media?parent=1778"}],"wp:term":[{"taxonomy":"category","embeddable":true,"href":"https:\/\/gegfm.com\/1\/wp-json\/wp\/v2\/categories?post=1778"},{"taxonomy":"post_tag","embeddable":true,"href":"https:\/\/gegfm.com\/1\/wp-json\/wp\/v2\/tags?post=1778"}],"curies":[{"name":"wp","href":"https:\/\/api.w.org\/{rel}","templated":true}]}}