{"id":1754,"date":"2025-10-03T13:19:37","date_gmt":"2025-10-03T11:19:37","guid":{"rendered":"https:\/\/gegfm.com\/1\/?p=1754"},"modified":"2025-10-03T13:19:37","modified_gmt":"2025-10-03T11:19:37","slug":"trajneri-i-drites-zekirija-ramadani-vlereson-barazimin-dramatik-ndaj-kups-it-dhe-jep-lajme-per-gjendjen-e-veton-tushes","status":"publish","type":"post","link":"https:\/\/gegfm.com\/1\/trajneri-i-drites-zekirija-ramadani-vlereson-barazimin-dramatik-ndaj-kups-it-dhe-jep-lajme-per-gjendjen-e-veton-tushes\/","title":{"rendered":"Trajneri i Drit\u00ebs, Zekirija Ramadani, vler\u00ebson barazimin dramatik ndaj KuPS-it dhe jep lajme p\u00ebr gjendjen e Veton Tush\u00ebs"},"content":{"rendered":"\n<p>Trajneri i Drit\u00ebs, Zekirija Ramadani, ka shprehur k\u00ebnaq\u00ebsi p\u00ebr barazimin dramatik t\u00eb arritur nga skuadra e tij ndaj KuPS-it n\u00eb Finland\u00eb, duke e cil\u00ebsuar k\u00ebt\u00eb rezultat si nj\u00eb nxitje t\u00eb madhe psikologjike p\u00ebr lojtar\u00ebt, pavar\u00ebsisht se ndikimi i tij n\u00eb tabel\u00eb mund t\u00eb jet\u00eb i kufizuar.<\/p>\n\n\n\n<p>\u201cJemi t\u00eb k\u00ebnaqur me nj\u00eb pik\u00eb. Ndoshta nuk do t\u00eb ket\u00eb ndikim t\u00eb madh n\u00eb renditje, por psikologjikisht vlen shum\u00eb. Po kthehemi t\u00eb pamposhtur nga nj\u00eb udh\u00ebtim i v\u00ebshtir\u00eb dhe kjo do t\u2019i ndihmoj\u00eb lojtar\u00ebt n\u00eb aspektin moral. Sigurisht, synimi \u00ebsht\u00eb t\u00eb jemi m\u00eb t\u00eb mir\u00eb n\u00eb ndeshjet e ardhshme,\u201d deklaroi Ramadani pas ndeshjes.<\/p>\n\n\n\n<h4 class=\"wp-block-heading\">Karakteri i skuadr\u00ebs dhe besimi n\u00eb potencial<\/h4>\n\n\n\n<p>Ramadani theksoi edhe forc\u00ebn karakteriale t\u00eb ekipit t\u00eb tij, duke u ndalur te filozofia e tij si trajner. \u201cMe karakterin q\u00eb kam, nuk ia lejoj lojtar\u00ebve t\u00eb mendojn\u00eb se jan\u00eb inferior\u00eb. N\u00ebse luajm\u00eb thjesht dhe me guxim, mund t\u00eb jemi t\u00eb rreziksh\u00ebm p\u00ebr \u00e7do kund\u00ebrshtar. As un\u00eb dhe as ekipi im nuk duhet t\u00eb ndihemi inferior\u00eb ndaj askujt,\u201d shtoi ai, duke treguar besimin e tij te aft\u00ebsit\u00eb e lojtar\u00ebve p\u00ebr t\u00eb konkurruar n\u00eb \u00e7do nivel.<\/p>\n\n\n\n<h4 class=\"wp-block-heading\">Gjendja e Veton Tush\u00ebs: Nj\u00eb lajm i p\u00ebrzier<\/h4>\n\n\n\n<p>N\u00eb an\u00ebn tjet\u00ebr, trajneri u shpreh i shqet\u00ebsuar p\u00ebr gjendjen e sulmuesit Veton Tusha, i cili u detyrua t\u00eb largohej me barel\u00eb n\u00eb minut\u00ebn e 29-t\u00eb t\u00eb ndeshjes p\u00ebr shkak t\u00eb nj\u00eb l\u00ebndimi. \u201cL\u00ebndimi i Vetonit na m\u00ebrziti shum\u00eb. Edhe n\u00eb janar kishte pasur probleme sh\u00ebndet\u00ebsore. Tani \u00ebsht\u00eb d\u00ebrguar n\u00eb spital, por sipas informacioneve t\u00eb para \u00ebsht\u00eb n\u00eb vet\u00ebdije dhe gjendja e tij \u00ebsht\u00eb stabile,\u201d tha Ramadani.<\/p>\n\n\n\n<p>Ai shtoi se Tusha \u00ebsht\u00eb n\u00eb gjendje t\u00eb flas\u00eb dhe nuk ka humbur ndjenjat, megjith\u00ebse ndjen dhimbje. \u201cKa dhimbje, por presim rezultatet e ekzaminimeve. Do ta vizitojm\u00eb sapo t\u00eb largohemi nga stadiumi,\u201d p\u00ebrfundoi trajneri i Drit\u00ebs, duke shprehur shpres\u00ebn p\u00ebr nj\u00eb rikuperim t\u00eb shpejt\u00eb t\u00eb lojtarit ky\u00e7.<\/p>\n\n\n\n<p>Ky barazim, i shoq\u00ebruar me ngjarjen e Tush\u00ebs, e vendos Drit\u00ebn p\u00ebrpara nj\u00eb sfide t\u00eb re, ku balanca mes moralit t\u00eb lart\u00eb dhe menaxhimit t\u00eb l\u00ebndimeve do t\u00eb jet\u00eb vendimtare p\u00ebr ecurin\u00eb e tyre n\u00eb kompeticion.<\/p>\n\n\n\n<figure class=\"wp-block-image size-full is-resized\"><img loading=\"lazy\" decoding=\"async\" width=\"945\" height=\"630\" src=\"https:\/\/gegfm.com\/1\/wp-content\/uploads\/2025\/10\/image-50.jpg\" alt=\"\" class=\"wp-image-1756\" style=\"width:461px;height:auto\" srcset=\"https:\/\/gegfm.com\/1\/wp-content\/uploads\/2025\/10\/image-50.jpg 945w, https:\/\/gegfm.com\/1\/wp-content\/uploads\/2025\/10\/image-50-300x200.jpg 300w, https:\/\/gegfm.com\/1\/wp-content\/uploads\/2025\/10\/image-50-768x512.jpg 768w, https:\/\/gegfm.com\/1\/wp-content\/uploads\/2025\/10\/image-50-18x12.jpg 18w, https:\/\/gegfm.com\/1\/wp-content\/uploads\/2025\/10\/image-50-700x467.jpg 700w\" sizes=\"auto, (max-width: 945px) 100vw, 945px\" \/><\/figure>\n","protected":false},"excerpt":{"rendered":"<p>Trajneri i Drit\u00ebs, Zekirija Ramadani, ka shprehur k\u00ebnaq\u00ebsi p\u00ebr barazimin dramatik t\u00eb arritur nga skuadra e tij ndaj KuPS-it n\u00eb Finland\u00eb, duke e cil\u00ebsuar k\u00ebt\u00eb rezultat si nj\u00eb nxitje t\u00eb madhe psikologjike p\u00ebr lojtar\u00ebt, pavar\u00ebsisht se ndikimi i tij n\u00eb tabel\u00eb mund t\u00eb jet\u00eb i kufizuar. \u201cJemi t\u00eb k\u00ebnaqur me nj\u00eb pik\u00eb. Ndoshta nuk do [&hellip;]<\/p>\n","protected":false},"author":1,"featured_media":1755,"comment_status":"closed","ping_status":"open","sticky":false,"template":"","format":"standard","meta":{"footnotes":""},"categories":[7,4],"tags":[],"class_list":["post-1754","post","type-post","status-publish","format-standard","has-post-thumbnail","hentry","category-pak-per-sportin","category-pak-per-vendin","entry daho-fn-article"],"_links":{"self":[{"href":"https:\/\/gegfm.com\/1\/wp-json\/wp\/v2\/posts\/1754","targetHints":{"allow":["GET"]}}],"collection":[{"href":"https:\/\/gegfm.com\/1\/wp-json\/wp\/v2\/posts"}],"about":[{"href":"https:\/\/gegfm.com\/1\/wp-json\/wp\/v2\/types\/post"}],"author":[{"embeddable":true,"href":"https:\/\/gegfm.com\/1\/wp-json\/wp\/v2\/users\/1"}],"replies":[{"embeddable":true,"href":"https:\/\/gegfm.com\/1\/wp-json\/wp\/v2\/comments?post=1754"}],"version-history":[{"count":1,"href":"https:\/\/gegfm.com\/1\/wp-json\/wp\/v2\/posts\/1754\/revisions"}],"predecessor-version":[{"id":1757,"href":"https:\/\/gegfm.com\/1\/wp-json\/wp\/v2\/posts\/1754\/revisions\/1757"}],"wp:featuredmedia":[{"embeddable":true,"href":"https:\/\/gegfm.com\/1\/wp-json\/wp\/v2\/media\/1755"}],"wp:attachment":[{"href":"https:\/\/gegfm.com\/1\/wp-json\/wp\/v2\/media?parent=1754"}],"wp:term":[{"taxonomy":"category","embeddable":true,"href":"https:\/\/gegfm.com\/1\/wp-json\/wp\/v2\/categories?post=1754"},{"taxonomy":"post_tag","embeddable":true,"href":"https:\/\/gegfm.com\/1\/wp-json\/wp\/v2\/tags?post=1754"}],"curies":[{"name":"wp","href":"https:\/\/api.w.org\/{rel}","templated":true}]}}