{"id":1628,"date":"2025-10-01T11:59:33","date_gmt":"2025-10-01T09:59:33","guid":{"rendered":"https:\/\/gegfm.com\/1\/?p=1628"},"modified":"2025-10-01T11:59:33","modified_gmt":"2025-10-01T09:59:33","slug":"28-vite-nga-protestat-studentore-te-1-tetorit-1997-ne-prishtine-nje-kthese-historike-ne-rezistencen-paqesore-te-kosoves","status":"publish","type":"post","link":"https:\/\/gegfm.com\/1\/28-vite-nga-protestat-studentore-te-1-tetorit-1997-ne-prishtine-nje-kthese-historike-ne-rezistencen-paqesore-te-kosoves\/","title":{"rendered":"28 Vite nga Protestat Studentore t\u00eb 1 Tetorit 1997 n\u00eb Prishtin\u00eb: Nj\u00eb Kthes\u00eb Historike n\u00eb Rezistenc\u00ebn Paq\u00ebsore t\u00eb Kosov\u00ebs"},"content":{"rendered":"\n<figure class=\"wp-block-image size-full\"><img loading=\"lazy\" decoding=\"async\" width=\"720\" height=\"540\" src=\"https:\/\/gegfm.com\/1\/wp-content\/uploads\/2025\/10\/image-7.jpg\" alt=\"\" class=\"wp-image-1630\" srcset=\"https:\/\/gegfm.com\/1\/wp-content\/uploads\/2025\/10\/image-7.jpg 720w, https:\/\/gegfm.com\/1\/wp-content\/uploads\/2025\/10\/image-7-300x225.jpg 300w, https:\/\/gegfm.com\/1\/wp-content\/uploads\/2025\/10\/image-7-16x12.jpg 16w, https:\/\/gegfm.com\/1\/wp-content\/uploads\/2025\/10\/image-7-700x525.jpg 700w\" sizes=\"auto, (max-width: 720px) 100vw, 720px\" \/><\/figure>\n\n\n\n<p>Sot, m\u00eb 1 tetor 2025, sh\u00ebnohen 28 vite nga protestat masive studentore n\u00eb Prishtin\u00eb, nj\u00eb ngjarje q\u00eb sh\u00ebnoi nj\u00eb kthes\u00eb vendimtare n\u00eb rezistenc\u00ebn paq\u00ebsore t\u00eb shqiptar\u00ebve t\u00eb Kosov\u00ebs kund\u00ebr regjimit serb t\u00eb Slobodan Millosheviqit. Kjo dit\u00eb kujtohet si nj\u00eb moment i bashkimit dhe guximit, ku student\u00ebt, profesor\u00ebt dhe qytetar\u00ebt dol\u00ebn n\u00eb rrug\u00eb p\u00ebr t\u00eb k\u00ebrkuar t\u00eb drejtat e tyre arsimore dhe lirin\u00eb.<\/p>\n\n\n\n<h4 class=\"wp-block-heading\">Konteksti i Protestave: Dhuna dhe Okupimi i Universitetit<\/h4>\n\n\n\n<p>Protestat erdh\u00ebn si kulm i nj\u00eb periudhe t\u00eb gjat\u00eb shtypjeje, pas d\u00ebbimit t\u00eb dhunsh\u00ebm t\u00eb student\u00ebve dhe profesor\u00ebve shqiptar\u00eb nga Universiteti i Prishtin\u00ebs q\u00eb nga viti 1991. Regjimi serb kishte imponuar plan-programin serb dhe kishte mbyllur institucionet arsimore p\u00ebr shqiptar\u00ebt, duke krijuar nj\u00eb sistem paralel arsimor n\u00eb sht\u00ebpi dhe ambiente private. Kjo politik\u00eb kishte nd\u00ebrprer\u00eb arsimin p\u00ebr mij\u00ebra t\u00eb rinj, duke e kthyer edukimin n\u00eb nj\u00eb akt rezistence. Universiteti, themeluar n\u00eb 1969 pas demonstratave t\u00eb 1968-s, ishte simbol i identitetit shqiptar, dhe okupimi i tij ishte nj\u00eb goditje e r\u00ebnd\u00eb p\u00ebr t\u00eb drejtat bazike.<\/p>\n\n\n\n<h4 class=\"wp-block-heading\">Pjes\u00ebmarrja Masive dhe Dhuna Serbe<\/h4>\n\n\n\n<p>M\u00eb 1 tetor 1997, mij\u00ebra student\u00eb, profesor\u00eb dhe qytetar\u00eb \u2013 rreth 100,000 sipas vler\u00ebsimeve \u2013 dol\u00ebn n\u00eb rrug\u00ebt e Prishtin\u00ebs, t\u00eb veshur me k\u00ebmisha t\u00eb bardha dhe duke mbartur pankarta si \u201cShkollat jan\u00eb tonat, ato nuk i japim\u201d. Protesta, e organizuar nga L\u00ebvizja Studentore e Universitetit t\u00eb Prishtin\u00ebs (UPSUP), marshoi nga Velania drejt kampusit universitar, duke k\u00ebrkuar kthimin e objekteve arsimore. Pavar\u00ebsisht natyr\u00ebs paq\u00ebsore, policia serbe nd\u00ebrhyri me dhun\u00eb, duke p\u00ebrdorur gaz lotsjell\u00ebs, shkopinj dhe arrestime. Pamjet e transmetuara nga mediat nd\u00ebrkomb\u00ebtare e kthyen Kosov\u00ebn n\u00eb nj\u00eb lajm global.<\/p>\n\n\n\n<h4 class=\"wp-block-heading\">Figur\u00ebt Ky\u00e7e: Nj\u00eb Bashkim Studentor dhe Akademik<\/h4>\n\n\n\n<p>Protestat u udh\u00ebhoq\u00ebn nga nj\u00eb grup lider\u00ebsh t\u00eb rinj dhe t\u00eb vendosur, duke p\u00ebrfshir\u00eb Bujar Dugollin (president i UPSUP), Muhamet Mavrajn, Driton Laj\u00e7in, Albin Kurtin, Milot Cakajn dhe t\u00eb tjer\u00eb, t\u00eb cil\u00ebt organizuan dhe mobilizuan masat studentore. Rektori Ejup Statovci dhe profesor\u00eb si Hajrullah Koliqi ishin n\u00eb ball\u00eb, duke e b\u00ebr\u00eb k\u00ebt\u00eb nj\u00eb l\u00ebvizje t\u00eb bashkuar midis t\u00eb rinjve dhe akademik\u00ebve. Mihane Salihu Bala dhe mij\u00ebra pjes\u00ebmarr\u00ebs t\u00eb tjer\u00eb, si student\u00eb dhe qytetar\u00eb, kontribuan n\u00eb k\u00ebt\u00eb demonstrat\u00eb paq\u00ebsore, duke treguar unitet dhe vendosm\u00ebri. Kjo l\u00ebvizje nuk ishte e nj\u00eb individi t\u00eb vet\u00ebm, por nj\u00eb p\u00ebrpjekje kolektive q\u00eb mobilizoi shoq\u00ebrin\u00eb kosovare.<\/p>\n\n\n\n<h4 class=\"wp-block-heading\">Ndikimi Historik: Nga Rezistenca Paq\u00ebsore te Pavar\u00ebsia<\/h4>\n\n\n\n<p>Protestat e 1 tetorit, t\u00eb cilat vazhduan me demonstrata t\u00eb tjera m\u00eb 29 tetor dhe 31 dhjetor 1997, sensibilizuan opinionin nd\u00ebrkomb\u00ebtar dhe dhan\u00eb shtys\u00eb formimit t\u00eb Ushtris\u00eb \u00c7lirimtare t\u00eb Kosov\u00ebs (U\u00c7K). Ato sh\u00ebnuan fundin e politik\u00ebs paq\u00ebsore t\u00eb LDK-s\u00eb dhe fillimin e nj\u00eb faze aktive t\u00eb rezistenc\u00ebs, duke kontribuar n\u00eb \u00e7lirimin e Kosov\u00ebs n\u00eb qershor 1999 dhe pavar\u00ebsin\u00eb n\u00eb 2008. Lider\u00ebt e sot\u00ebm, si Kryeministri Albin Kurti, e kujtojn\u00eb k\u00ebt\u00eb si nj\u00eb \u201crevolucion paq\u00ebsor\u201d q\u00eb ndryshoi fatin e kombit.<\/p>\n\n\n\n<p>N\u00eb 28-vjetorin e tyre, protestat e 1997-s vazhdojn\u00eb t\u00eb jen\u00eb simbol i q\u00ebndres\u00ebs shqiptare, duke u p\u00ebrkujtuar n\u00eb ceremoni dhe debate publike. Ky moment historik na kujton se fuqia e unitetit studentor dhe popullor mund t\u00eb thyj\u00eb zinxhir\u00ebt e shtypjes.<\/p>\n","protected":false},"excerpt":{"rendered":"<p>Sot, m\u00eb 1 tetor 2025, sh\u00ebnohen 28 vite nga protestat masive studentore n\u00eb Prishtin\u00eb, nj\u00eb ngjarje q\u00eb sh\u00ebnoi nj\u00eb kthes\u00eb vendimtare n\u00eb rezistenc\u00ebn paq\u00ebsore t\u00eb shqiptar\u00ebve t\u00eb Kosov\u00ebs kund\u00ebr regjimit serb t\u00eb Slobodan Millosheviqit. Kjo dit\u00eb kujtohet si nj\u00eb moment i bashkimit dhe guximit, ku student\u00ebt, profesor\u00ebt dhe qytetar\u00ebt dol\u00ebn n\u00eb rrug\u00eb p\u00ebr t\u00eb k\u00ebrkuar [&hellip;]<\/p>\n","protected":false},"author":1,"featured_media":1630,"comment_status":"closed","ping_status":"open","sticky":false,"template":"","format":"standard","meta":{"footnotes":""},"categories":[2,4],"tags":[],"class_list":["post-1628","post","type-post","status-publish","format-standard","has-post-thumbnail","hentry","category-pak-per-shqiptaret","category-pak-per-vendin","entry daho-fn-article"],"_links":{"self":[{"href":"https:\/\/gegfm.com\/1\/wp-json\/wp\/v2\/posts\/1628","targetHints":{"allow":["GET"]}}],"collection":[{"href":"https:\/\/gegfm.com\/1\/wp-json\/wp\/v2\/posts"}],"about":[{"href":"https:\/\/gegfm.com\/1\/wp-json\/wp\/v2\/types\/post"}],"author":[{"embeddable":true,"href":"https:\/\/gegfm.com\/1\/wp-json\/wp\/v2\/users\/1"}],"replies":[{"embeddable":true,"href":"https:\/\/gegfm.com\/1\/wp-json\/wp\/v2\/comments?post=1628"}],"version-history":[{"count":1,"href":"https:\/\/gegfm.com\/1\/wp-json\/wp\/v2\/posts\/1628\/revisions"}],"predecessor-version":[{"id":1631,"href":"https:\/\/gegfm.com\/1\/wp-json\/wp\/v2\/posts\/1628\/revisions\/1631"}],"wp:featuredmedia":[{"embeddable":true,"href":"https:\/\/gegfm.com\/1\/wp-json\/wp\/v2\/media\/1630"}],"wp:attachment":[{"href":"https:\/\/gegfm.com\/1\/wp-json\/wp\/v2\/media?parent=1628"}],"wp:term":[{"taxonomy":"category","embeddable":true,"href":"https:\/\/gegfm.com\/1\/wp-json\/wp\/v2\/categories?post=1628"},{"taxonomy":"post_tag","embeddable":true,"href":"https:\/\/gegfm.com\/1\/wp-json\/wp\/v2\/tags?post=1628"}],"curies":[{"name":"wp","href":"https:\/\/api.w.org\/{rel}","templated":true}]}}