{"id":1615,"date":"2025-10-01T11:21:13","date_gmt":"2025-10-01T09:21:13","guid":{"rendered":"https:\/\/gegfm.com\/1\/?p=1615"},"modified":"2025-10-01T12:15:14","modified_gmt":"2025-10-01T10:15:14","slug":"historia-e-kosoves-ne-ekran-maratone-filmash-ne-biblioteken-kombetare","status":"publish","type":"post","link":"https:\/\/gegfm.com\/1\/historia-e-kosoves-ne-ekran-maratone-filmash-ne-biblioteken-kombetare\/","title":{"rendered":"Historia e Kosov\u00ebs n\u00eb ekran: Maraton\u00eb filmash n\u00eb Bibliotek\u00ebn Komb\u00ebtare"},"content":{"rendered":"\n<p>Biblioteka Komb\u00ebtare e Kosov\u00ebs \u201cPjet\u00ebr Bogdani\u201d, n\u00eb kuad\u00ebr t\u00eb <strong>Jav\u00ebs s\u00eb Bibliotek\u00ebs<\/strong> dhe n\u00eb bashk\u00ebpunim me <strong>Qendr\u00ebn Kinematografike t\u00eb Kosov\u00ebs<\/strong>, sjell nj\u00eb cik\u00ebl filmash q\u00eb eksploron jet\u00ebn, sfidat shoq\u00ebrore dhe q\u00ebndres\u00ebn njer\u00ebzore n\u00eb Kosov\u00eb, duke ofruar p\u00ebr publikun nj\u00eb udh\u00ebtim emocional dhe artistik t\u00eb paharruesh\u00ebm.<\/p>\n\n\n\n<p><strong>7 tetor, ora 19:00 \u2013 \u201cZgjoi\u201d<\/strong><br>Filmi i bazuar n\u00eb nj\u00eb histori t\u00eb v\u00ebrtet\u00eb, fitues i tri \u00e7mimeve kryesore n\u00eb Festivalin <strong>Sundance<\/strong> dhe i vler\u00ebsuar nd\u00ebrkomb\u00ebtarisht, hap maraton\u00ebn me nj\u00eb rr\u00ebfim t\u00eb fuqish\u00ebm mbi q\u00ebndres\u00ebn, shpres\u00ebn dhe guximin njer\u00ebzor.<\/p>\n\n\n\n<p><strong>8 tetor, ora 19:00 \u2013 \u201cVera andrron detin\u201d<\/strong><br>Regjisorja <strong>Kaltrina Krasniqi<\/strong> sjell portretin e Ver\u00ebs, nj\u00eb gruaje q\u00eb p\u00ebrballet me trash\u00ebgimi t\u00eb kontestuar dhe sfidat e nj\u00eb shoq\u00ebrie patriarkale pas humbjes s\u00eb bashk\u00ebshortit. Nj\u00eb film i thell\u00eb dhe i vler\u00ebsuar n\u00eb festivale nd\u00ebrkomb\u00ebtare, q\u00eb nd\u00ebrthur dhimbjen me fuqin\u00eb e q\u00ebndres\u00ebs.<\/p>\n\n\n\n<p><strong>9 tetor \u2013 \u201cBabai\u201d<\/strong><br>Filmi i <strong>Visar Morin\u00ebs<\/strong> ndjek historin\u00eb prek\u00ebse t\u00eb Norit, nj\u00eb f\u00ebmij\u00eb n\u00eb k\u00ebrkim t\u00eb babait t\u00eb tij, duke pasqyruar realitetin e migrimit dhe lidhjen e pathyeshme baba\u2013bir. Ky film \u00ebsht\u00eb fitues i <strong>\u00c7mimit p\u00ebr Regjin\u00eb m\u00eb t\u00eb Mir\u00eb<\/strong> n\u00eb Festivalin Nd\u00ebrkomb\u00ebtar t\u00eb Filmit n\u00eb <strong>Karlovy Vary<\/strong>.<\/p>\n\n\n\n<p><strong>10 tetor \u2013 \u201cN\u00eb k\u00ebrkim t\u00eb Vener\u00ebs\u201d<\/strong><br>Regjisorja <strong>Norika Sefa<\/strong>, fituese e <strong>\u00c7mimit Special t\u00eb Juris\u00eb<\/strong> n\u00eb Festivalin e Roterdamit, sjell historin\u00eb e nj\u00eb vajze t\u00eb re q\u00eb p\u00ebrballet me kufizimet e familjes dhe shoq\u00ebris\u00eb, duke eksploruar temat e liris\u00eb personale dhe zgjedhjeve jet\u00ebsore me nj\u00eb ndjeshm\u00ebri t\u00eb ve\u00e7ant\u00eb.<\/p>\n\n\n\n<p><strong>11 tetor<\/strong><\/p>\n\n\n\n<ul class=\"wp-block-list\">\n<li><strong>Ora 18:00 \u2013 \u201cN\u00ebntor i ftoht\u00eb\u201d<\/strong>: Drama e regjisor <strong>Ismet Sijarina<\/strong> pasqyron realitetin e viteve \u201990 n\u00eb Kosov\u00eb p\u00ebrmes historis\u00eb s\u00eb nj\u00eb familjeje q\u00eb p\u00ebrballet me sfida t\u00eb m\u00ebdha t\u00eb jet\u00ebs s\u00eb p\u00ebrditshme.<\/li>\n\n\n\n<li><strong>Ora 19:30 \u2013 \u201cHeroi\u201d<\/strong>: Filmi i <strong>Luan Kryeziut<\/strong> nd\u00ebrthur rr\u00ebfimin historik me dramat njer\u00ebzore, duke shpalosur guximin dhe sakrific\u00ebn n\u00eb koh\u00eb t\u00eb v\u00ebshtira, dhe duke sjell\u00eb n\u00eb ekran emocione t\u00eb thella dhe reflektive.<\/li>\n<\/ul>\n\n\n\n<p>Ky cik\u00ebl filmash ofron <strong>nj\u00eb eksperienc\u00eb t\u00eb pasur artistike<\/strong>, duke ndri\u00e7uar jet\u00ebn, traditat dhe sfidat shoq\u00ebrore t\u00eb Kosov\u00ebs, dhe duke ftuar publikun n\u00eb nj\u00eb udh\u00ebtim t\u00eb jasht\u00ebzakonsh\u00ebm nd\u00ebrmjet kujtes\u00ebs, identitetit dhe humanitetit.<\/p>\n","protected":false},"excerpt":{"rendered":"<p>Biblioteka Komb\u00ebtare e Kosov\u00ebs \u201cPjet\u00ebr Bogdani\u201d, n\u00eb kuad\u00ebr t\u00eb Jav\u00ebs s\u00eb Bibliotek\u00ebs dhe n\u00eb bashk\u00ebpunim me Qendr\u00ebn Kinematografike t\u00eb Kosov\u00ebs, sjell nj\u00eb cik\u00ebl filmash q\u00eb eksploron jet\u00ebn, sfidat shoq\u00ebrore dhe q\u00ebndres\u00ebn njer\u00ebzore n\u00eb Kosov\u00eb, duke ofruar p\u00ebr publikun nj\u00eb udh\u00ebtim emocional dhe artistik t\u00eb paharruesh\u00ebm. 7 tetor, ora 19:00 \u2013 \u201cZgjoi\u201dFilmi i bazuar n\u00eb nj\u00eb [&hellip;]<\/p>\n","protected":false},"author":2,"featured_media":1635,"comment_status":"closed","ping_status":"open","sticky":false,"template":"","format":"standard","meta":{"footnotes":""},"categories":[1,4],"tags":[],"class_list":["post-1615","post","type-post","status-publish","format-standard","has-post-thumbnail","hentry","category-pak-per-filmin","category-pak-per-vendin","entry daho-fn-article"],"_links":{"self":[{"href":"https:\/\/gegfm.com\/1\/wp-json\/wp\/v2\/posts\/1615","targetHints":{"allow":["GET"]}}],"collection":[{"href":"https:\/\/gegfm.com\/1\/wp-json\/wp\/v2\/posts"}],"about":[{"href":"https:\/\/gegfm.com\/1\/wp-json\/wp\/v2\/types\/post"}],"author":[{"embeddable":true,"href":"https:\/\/gegfm.com\/1\/wp-json\/wp\/v2\/users\/2"}],"replies":[{"embeddable":true,"href":"https:\/\/gegfm.com\/1\/wp-json\/wp\/v2\/comments?post=1615"}],"version-history":[{"count":1,"href":"https:\/\/gegfm.com\/1\/wp-json\/wp\/v2\/posts\/1615\/revisions"}],"predecessor-version":[{"id":1617,"href":"https:\/\/gegfm.com\/1\/wp-json\/wp\/v2\/posts\/1615\/revisions\/1617"}],"wp:featuredmedia":[{"embeddable":true,"href":"https:\/\/gegfm.com\/1\/wp-json\/wp\/v2\/media\/1635"}],"wp:attachment":[{"href":"https:\/\/gegfm.com\/1\/wp-json\/wp\/v2\/media?parent=1615"}],"wp:term":[{"taxonomy":"category","embeddable":true,"href":"https:\/\/gegfm.com\/1\/wp-json\/wp\/v2\/categories?post=1615"},{"taxonomy":"post_tag","embeddable":true,"href":"https:\/\/gegfm.com\/1\/wp-json\/wp\/v2\/tags?post=1615"}],"curies":[{"name":"wp","href":"https:\/\/api.w.org\/{rel}","templated":true}]}}