{"id":1576,"date":"2025-09-30T12:21:52","date_gmt":"2025-09-30T10:21:52","guid":{"rendered":"https:\/\/gegfm.com\/1\/?p=1576"},"modified":"2025-09-30T12:49:04","modified_gmt":"2025-09-30T10:49:04","slug":"alban-hyseni-publikon-bilancin-e-investimeve-ne-ujesjelles-dhe-nis-projektin-flows-ne-vlere-15-milione-euro","status":"publish","type":"post","link":"https:\/\/gegfm.com\/1\/alban-hyseni-publikon-bilancin-e-investimeve-ne-ujesjelles-dhe-nis-projektin-flows-ne-vlere-15-milione-euro\/","title":{"rendered":"Alban Hyseni publikon bilancin e investimeve n\u00eb uj\u00ebsjell\u00ebs dhe nis projektin FLOWS n\u00eb vler\u00eb 15 milion\u00eb euro"},"content":{"rendered":"\n<p>Kryetari i Komun\u00ebs s\u00eb Gjilanit dhe kandidati p\u00ebr nj\u00eb mandat t\u00eb dyt\u00eb nga L\u00ebvizja Vet\u00ebvendosje, Alban Hyseni, ka b\u00ebr\u00eb bilancin e investimeve n\u00eb sektorin e uj\u00ebsjell\u00ebsit gjat\u00eb kat\u00ebr viteve t\u00eb para t\u00eb qeverisjes s\u00eb tij, duke theksuar se ky sektor ka qen\u00eb nj\u00eb nga prioritetet kryesore.<\/p>\n\n\n\n<p>Sipas tij, gjat\u00eb mandatit t\u00eb par\u00eb jan\u00eb investuar mbi <strong>1.5 milion\u00eb euro<\/strong> n\u00eb p\u00ebrmir\u00ebsimin e rrjetit t\u00eb uj\u00ebsjell\u00ebsit n\u00eb disa fshatra t\u00eb komun\u00ebs, p\u00ebrfshir\u00eb Pogra\u00e7\u00eb, Vrap\u00e7iq, V\u00ebrbic\u00eb e Kmetoc, Bresalc, Uglar dhe C\u00ebrnic\u00eb.<\/p>\n\n\n\n<p>\u201c<strong>P\u00ebr 4 vjet, kemi investuar mbi 1.5 milion\u00eb euro n\u00eb rrjetin e uj\u00ebsjell\u00ebsit n\u00eb Pogra\u00e7\u00eb, Vrap\u00e7iq, V\u00ebrbic\u00eb e Kmetoc, Bresalc, Uglar e C\u00ebrnic\u00eb<\/strong>,\u201d ka deklaruar Hyseni, duke n\u00ebnvizuar r\u00ebnd\u00ebsin\u00eb e k\u00ebtyre projekteve p\u00ebr p\u00ebrmir\u00ebsimin e jet\u00ebs s\u00eb qytetar\u00ebve.<\/p>\n\n\n\n<p>N\u00eb vazhdim, Hyseni ka shpallur fillimin e nj\u00eb projekti t\u00eb ri madhor n\u00eb k\u00ebt\u00eb fush\u00eb \u2013 <strong>projekti FLOWS<\/strong>, me vler\u00eb prej <strong>15 milion\u00eb euro<\/strong>, q\u00eb synon t\u00eb modernizoj\u00eb t\u00ebr\u00ebsisht sistemin e furnizimit me uj\u00eb n\u00eb Gjilan. Ky projekt pritet t\u00eb ket\u00eb ndikim t\u00eb drejtp\u00ebrdrejt\u00eb n\u00eb cil\u00ebsin\u00eb dhe sigurin\u00eb e ujit t\u00eb pijsh\u00ebm, si dhe n\u00eb zvog\u00eblimin e humbjeve t\u00eb ujit.<\/p>\n\n\n\n<p>\u201c<strong>Tani kemi nisur projektin gjigant FLOWS n\u00eb vler\u00eb prej 15 milion\u00eb euro \u2013 q\u00eb do t\u00eb ul\u00eb humbjet nga 52% dhe do t\u00eb sjell\u00eb uj\u00eb t\u00eb pijsh\u00ebm m\u00eb t\u00eb sigurt e m\u00eb cil\u00ebsor p\u00ebr qytetar\u00ebt<\/strong>,\u201d ka shtuar ai.<\/p>\n\n\n\n<p>Kryetari i Komun\u00ebs ka theksuar gjithashtu se pas dat\u00ebs 12 tetor, n\u00eb rast t\u00eb fitimit t\u00eb mandatit t\u00eb dyt\u00eb, do t\u00eb vazhdoj\u00eb me projekte konkrete p\u00ebr uj\u00ebsjell\u00ebsin n\u00eb \u00e7do lagje dhe fshat t\u00eb Gjilanit.<\/p>\n\n\n\n<p>\u201c<strong>Pas 12 tetorit, vazhdojm\u00eb me projekte konkrete p\u00ebr uj\u00ebsjell\u00ebsin dhe ujin e pijsh\u00ebm n\u00eb \u00e7do lagje e fshat t\u00eb Gjilanit. BASHK\u00cb!<\/strong>\u201d \u00ebsht\u00eb mesazhi i tij drejtuar qytetar\u00ebve.<\/p>\n\n\n\n<iframe loading=\"lazy\" src=\"https:\/\/www.facebook.com\/plugins\/video.php?height=476&#038;href=https%3A%2F%2Fwww.facebook.com%2Freel%2F1408084253621306%2F&#038;show_text=false&#038;width=267&#038;t=0\" width=\"267\" height=\"476\" style=\"border:none;overflow:hidden\" scrolling=\"no\" frameborder=\"0\" allowfullscreen=\"true\" allow=\"autoplay; clipboard-write; encrypted-media; picture-in-picture; web-share\" allowFullScreen=\"true\"><\/iframe>\n","protected":false},"excerpt":{"rendered":"<p>Kryetari i Komun\u00ebs s\u00eb Gjilanit dhe kandidati p\u00ebr nj\u00eb mandat t\u00eb dyt\u00eb nga L\u00ebvizja Vet\u00ebvendosje, Alban Hyseni, ka b\u00ebr\u00eb bilancin e investimeve n\u00eb sektorin e uj\u00ebsjell\u00ebsit gjat\u00eb kat\u00ebr viteve t\u00eb para t\u00eb qeverisjes s\u00eb tij, duke theksuar se ky sektor ka qen\u00eb nj\u00eb nga prioritetet kryesore. Sipas tij, gjat\u00eb mandatit t\u00eb par\u00eb jan\u00eb investuar mbi [&hellip;]<\/p>\n","protected":false},"author":2,"featured_media":1577,"comment_status":"closed","ping_status":"open","sticky":false,"template":"","format":"standard","meta":{"footnotes":""},"categories":[4,29],"tags":[],"class_list":["post-1576","post","type-post","status-publish","format-standard","has-post-thumbnail","hentry","category-pak-per-vendin","category-zgjedhjet-2025","entry daho-fn-article"],"_links":{"self":[{"href":"https:\/\/gegfm.com\/1\/wp-json\/wp\/v2\/posts\/1576","targetHints":{"allow":["GET"]}}],"collection":[{"href":"https:\/\/gegfm.com\/1\/wp-json\/wp\/v2\/posts"}],"about":[{"href":"https:\/\/gegfm.com\/1\/wp-json\/wp\/v2\/types\/post"}],"author":[{"embeddable":true,"href":"https:\/\/gegfm.com\/1\/wp-json\/wp\/v2\/users\/2"}],"replies":[{"embeddable":true,"href":"https:\/\/gegfm.com\/1\/wp-json\/wp\/v2\/comments?post=1576"}],"version-history":[{"count":2,"href":"https:\/\/gegfm.com\/1\/wp-json\/wp\/v2\/posts\/1576\/revisions"}],"predecessor-version":[{"id":1581,"href":"https:\/\/gegfm.com\/1\/wp-json\/wp\/v2\/posts\/1576\/revisions\/1581"}],"wp:featuredmedia":[{"embeddable":true,"href":"https:\/\/gegfm.com\/1\/wp-json\/wp\/v2\/media\/1577"}],"wp:attachment":[{"href":"https:\/\/gegfm.com\/1\/wp-json\/wp\/v2\/media?parent=1576"}],"wp:term":[{"taxonomy":"category","embeddable":true,"href":"https:\/\/gegfm.com\/1\/wp-json\/wp\/v2\/categories?post=1576"},{"taxonomy":"post_tag","embeddable":true,"href":"https:\/\/gegfm.com\/1\/wp-json\/wp\/v2\/tags?post=1576"}],"curies":[{"name":"wp","href":"https:\/\/api.w.org\/{rel}","templated":true}]}}