{"id":1535,"date":"2025-09-29T12:09:31","date_gmt":"2025-09-29T10:09:31","guid":{"rendered":"https:\/\/gegfm.com\/1\/?p=1535"},"modified":"2025-09-29T12:09:35","modified_gmt":"2025-09-29T10:09:35","slug":"tubimi-i-madh-i-vetevendosjes-ne-gjilan-grate-dhe-vajzat-ne-qender-te-diskutimit","status":"publish","type":"post","link":"https:\/\/gegfm.com\/1\/tubimi-i-madh-i-vetevendosjes-ne-gjilan-grate-dhe-vajzat-ne-qender-te-diskutimit\/","title":{"rendered":"Tubimi i madh i Vet\u00ebvendosjes n\u00eb Gjilan: grat\u00eb dhe vajzat n\u00eb qend\u00ebr t\u00eb diskutimit"},"content":{"rendered":"\n<p>L\u00ebvizja Vet\u00ebvendosje ka thirrur nj\u00eb tubim t\u00eb madh me gra dhe vajza nga Gjilani, i cili do t\u00eb mbahet sot, t\u00eb h\u00ebn\u00ebn, nga ora 18:00 n\u00eb Shkoll\u00ebn e Re t\u00eb Muzik\u00ebs, q\u00eb ndodhet prapa Gjimnazit t\u00eb qytetit.<\/p>\n\n\n\n<p>N\u00eb k\u00ebt\u00eb ngjarje do t\u00eb marrin pjes\u00eb n\u00ebnkryetarja e Kuvendit t\u00eb Kosov\u00ebs dhe kryetarja e grave n\u00eb Vet\u00ebvendosje, Albulena Haxhiu, kryetari aktual i Komun\u00ebs s\u00eb Gjilanit dhe kandidati p\u00ebr nj\u00eb mandat t\u00eb dyt\u00eb, Alban Hyseni, si dhe kandidatet gra p\u00ebr k\u00ebshilltare t\u00eb Kuvendit Komunal nga lista e k\u00ebsaj partie.<\/p>\n\n\n\n<p>Organizator\u00ebt e kan\u00eb cil\u00ebsuar tubimin si nj\u00eb mund\u00ebsi p\u00ebr t\u00eb forcuar bashk\u00ebpunimin me grat\u00eb dhe vajzat e Gjilanit, duke theksuar r\u00ebnd\u00ebsin\u00eb e p\u00ebrfshirjes s\u00eb tyre aktive n\u00eb jet\u00ebn politike dhe vendimmarr\u00ebse t\u00eb komun\u00ebs.<\/p>\n\n\n\n<figure class=\"wp-block-image size-full\"><img loading=\"lazy\" decoding=\"async\" width=\"504\" height=\"630\" src=\"https:\/\/gegfm.com\/1\/wp-content\/uploads\/2025\/09\/vv.jpg\" alt=\"\" class=\"wp-image-1536\" srcset=\"https:\/\/gegfm.com\/1\/wp-content\/uploads\/2025\/09\/vv.jpg 504w, https:\/\/gegfm.com\/1\/wp-content\/uploads\/2025\/09\/vv-240x300.jpg 240w, https:\/\/gegfm.com\/1\/wp-content\/uploads\/2025\/09\/vv-10x12.jpg 10w\" sizes=\"auto, (max-width: 504px) 100vw, 504px\" \/><\/figure>\n","protected":false},"excerpt":{"rendered":"<p>L\u00ebvizja Vet\u00ebvendosje ka thirrur nj\u00eb tubim t\u00eb madh me gra dhe vajza nga Gjilani, i cili do t\u00eb mbahet sot, t\u00eb h\u00ebn\u00ebn, nga ora 18:00 n\u00eb Shkoll\u00ebn e Re t\u00eb Muzik\u00ebs, q\u00eb ndodhet prapa Gjimnazit t\u00eb qytetit. N\u00eb k\u00ebt\u00eb ngjarje do t\u00eb marrin pjes\u00eb n\u00ebnkryetarja e Kuvendit t\u00eb Kosov\u00ebs dhe kryetarja e grave n\u00eb Vet\u00ebvendosje, [&hellip;]<\/p>\n","protected":false},"author":2,"featured_media":1537,"comment_status":"closed","ping_status":"open","sticky":false,"template":"","format":"standard","meta":{"footnotes":""},"categories":[4,29],"tags":[],"class_list":["post-1535","post","type-post","status-publish","format-standard","has-post-thumbnail","hentry","category-pak-per-vendin","category-zgjedhjet-2025","entry daho-fn-article"],"_links":{"self":[{"href":"https:\/\/gegfm.com\/1\/wp-json\/wp\/v2\/posts\/1535","targetHints":{"allow":["GET"]}}],"collection":[{"href":"https:\/\/gegfm.com\/1\/wp-json\/wp\/v2\/posts"}],"about":[{"href":"https:\/\/gegfm.com\/1\/wp-json\/wp\/v2\/types\/post"}],"author":[{"embeddable":true,"href":"https:\/\/gegfm.com\/1\/wp-json\/wp\/v2\/users\/2"}],"replies":[{"embeddable":true,"href":"https:\/\/gegfm.com\/1\/wp-json\/wp\/v2\/comments?post=1535"}],"version-history":[{"count":1,"href":"https:\/\/gegfm.com\/1\/wp-json\/wp\/v2\/posts\/1535\/revisions"}],"predecessor-version":[{"id":1538,"href":"https:\/\/gegfm.com\/1\/wp-json\/wp\/v2\/posts\/1535\/revisions\/1538"}],"wp:featuredmedia":[{"embeddable":true,"href":"https:\/\/gegfm.com\/1\/wp-json\/wp\/v2\/media\/1537"}],"wp:attachment":[{"href":"https:\/\/gegfm.com\/1\/wp-json\/wp\/v2\/media?parent=1535"}],"wp:term":[{"taxonomy":"category","embeddable":true,"href":"https:\/\/gegfm.com\/1\/wp-json\/wp\/v2\/categories?post=1535"},{"taxonomy":"post_tag","embeddable":true,"href":"https:\/\/gegfm.com\/1\/wp-json\/wp\/v2\/tags?post=1535"}],"curies":[{"name":"wp","href":"https:\/\/api.w.org\/{rel}","templated":true}]}}