{"id":1524,"date":"2025-09-29T10:23:16","date_gmt":"2025-09-29T08:23:16","guid":{"rendered":"https:\/\/gegfm.com\/1\/?p=1524"},"modified":"2025-09-29T10:23:16","modified_gmt":"2025-09-29T08:23:16","slug":"sc-gjilani-ndahet-me-trajnerin-ardian-nuhiu-pas-rezultateve-te-dobeta","status":"publish","type":"post","link":"https:\/\/gegfm.com\/1\/sc-gjilani-ndahet-me-trajnerin-ardian-nuhiu-pas-rezultateve-te-dobeta\/","title":{"rendered":"SC Gjilani ndahet me trajnerin Ardian Nuhiu pas rezultateve t\u00eb dob\u00ebta"},"content":{"rendered":"\n<p>Sport Club Gjilani ka vendosur t\u00eb ndal\u00eb bashk\u00ebpunimin me trajnerin Ardian Nuhiu, pas nj\u00eb periudhe t\u00eb v\u00ebshtir\u00eb ku skuadra nuk arriti rezultatet e pritura. Edhe pse n\u00eb njoftimin zyrtar klubi e cil\u00ebson ndarjen si marr\u00ebveshje t\u00eb dyanshme dhe fal\u00ebnderon Nuhiun p\u00ebr profesionalizmin e treguar, n\u00eb prapavij\u00eb q\u00ebndron forma jo e mir\u00eb e ekipit n\u00eb garat e fundit.<\/p>\n\n\n\n<p>P\u00ebrkund\u00ebr k\u00ebsaj, SC Gjilani shpreh mir\u00ebnjohje p\u00ebr p\u00ebrkushtimin dhe pun\u00ebn e trajnerit, duke i uruar suksese n\u00eb t\u00eb ardhmen. N\u00eb dit\u00ebt n\u00eb vijim, klubi pritet t\u00eb zyrtarizoj\u00eb hapat e radh\u00ebs lidhur me emrin q\u00eb do ta udh\u00ebheq\u00eb skuadr\u00ebn.<\/p>\n","protected":false},"excerpt":{"rendered":"<p>Sport Club Gjilani ka vendosur t\u00eb ndal\u00eb bashk\u00ebpunimin me trajnerin Ardian Nuhiu, pas nj\u00eb periudhe t\u00eb v\u00ebshtir\u00eb ku skuadra nuk arriti rezultatet e pritura. Edhe pse n\u00eb njoftimin zyrtar klubi e cil\u00ebson ndarjen si marr\u00ebveshje t\u00eb dyanshme dhe fal\u00ebnderon Nuhiun p\u00ebr profesionalizmin e treguar, n\u00eb prapavij\u00eb q\u00ebndron forma jo e mir\u00eb e ekipit n\u00eb garat [&hellip;]<\/p>\n","protected":false},"author":3,"featured_media":1525,"comment_status":"closed","ping_status":"open","sticky":false,"template":"","format":"standard","meta":{"footnotes":""},"categories":[7,4],"tags":[],"class_list":["post-1524","post","type-post","status-publish","format-standard","has-post-thumbnail","hentry","category-pak-per-sportin","category-pak-per-vendin","entry daho-fn-article"],"_links":{"self":[{"href":"https:\/\/gegfm.com\/1\/wp-json\/wp\/v2\/posts\/1524","targetHints":{"allow":["GET"]}}],"collection":[{"href":"https:\/\/gegfm.com\/1\/wp-json\/wp\/v2\/posts"}],"about":[{"href":"https:\/\/gegfm.com\/1\/wp-json\/wp\/v2\/types\/post"}],"author":[{"embeddable":true,"href":"https:\/\/gegfm.com\/1\/wp-json\/wp\/v2\/users\/3"}],"replies":[{"embeddable":true,"href":"https:\/\/gegfm.com\/1\/wp-json\/wp\/v2\/comments?post=1524"}],"version-history":[{"count":1,"href":"https:\/\/gegfm.com\/1\/wp-json\/wp\/v2\/posts\/1524\/revisions"}],"predecessor-version":[{"id":1526,"href":"https:\/\/gegfm.com\/1\/wp-json\/wp\/v2\/posts\/1524\/revisions\/1526"}],"wp:featuredmedia":[{"embeddable":true,"href":"https:\/\/gegfm.com\/1\/wp-json\/wp\/v2\/media\/1525"}],"wp:attachment":[{"href":"https:\/\/gegfm.com\/1\/wp-json\/wp\/v2\/media?parent=1524"}],"wp:term":[{"taxonomy":"category","embeddable":true,"href":"https:\/\/gegfm.com\/1\/wp-json\/wp\/v2\/categories?post=1524"},{"taxonomy":"post_tag","embeddable":true,"href":"https:\/\/gegfm.com\/1\/wp-json\/wp\/v2\/tags?post=1524"}],"curies":[{"name":"wp","href":"https:\/\/api.w.org\/{rel}","templated":true}]}}