{"id":1515,"date":"2025-09-26T16:15:32","date_gmt":"2025-09-26T14:15:32","guid":{"rendered":"https:\/\/gegfm.com\/1\/?p=1515"},"modified":"2025-09-26T16:15:32","modified_gmt":"2025-09-26T14:15:32","slug":"ebu-do-te-votoje-per-perjashtimin-e-izraelit-nga-eurovision-2026","status":"publish","type":"post","link":"https:\/\/gegfm.com\/1\/ebu-do-te-votoje-per-perjashtimin-e-izraelit-nga-eurovision-2026\/","title":{"rendered":"EBU do t\u00eb votoj\u00eb p\u00ebr p\u00ebrjashtimin e Izraelit nga Eurovision 2026"},"content":{"rendered":"\n<p>Unioni Evropian i Transmetuesve (EBU) ka njoftuar se do t\u00eb mbaj\u00eb nj\u00eb votim online n\u00eb n\u00ebntor p\u00ebr t\u00eb vendosur n\u00ebse transmetuesi publik izraelit, KAN, do t\u00eb lejohet t\u00eb marr\u00eb pjes\u00eb n\u00eb Konkursin e K\u00ebng\u00ebs Eurovision 2026, q\u00eb do t\u00eb mbahet n\u00eb Vjen\u00eb.<\/p>\n\n\n\n<p>Vendimi vjen pas presionit nga disa transmetues evropian\u00eb, p\u00ebrfshir\u00eb ata t\u00eb Spanj\u00ebs, Holand\u00ebs, Irland\u00ebs, Island\u00ebs dhe Sllovenis\u00eb, t\u00eb cil\u00ebt kan\u00eb k\u00ebrc\u00ebnuar se do t\u00eb bojkotojn\u00eb edicionin e ardhsh\u00ebm n\u00ebse Izraeli merr pjes\u00eb. EBU ka sqaruar se p\u00ebrjashtimi k\u00ebrkon shumic\u00eb t\u00eb thjesht\u00eb n\u00eb votim. N\u00ebse vendoset p\u00ebrjashtimi, Izraeli do t\u00eb jet\u00eb vendi i par\u00eb q\u00eb p\u00ebrjashtohet nga gara q\u00eb nga Rusia n\u00eb vitin 2022.<\/p>\n\n\n\n<p>Situata ka shkaktuar ndarje brenda EBU-s\u00eb, me disa vende q\u00eb mb\u00ebshtesin pjes\u00ebmarrjen e Izraelit dhe t\u00eb tjera q\u00eb k\u00ebrkojn\u00eb p\u00ebrjashtimin p\u00ebr shkak t\u00eb situat\u00ebs n\u00eb Gaza. EBU ka b\u00ebr\u00eb thirrje q\u00eb votimi t\u00eb jet\u00eb demokratik dhe ka ftuar t\u00eb gjith\u00eb transmetuesit t\u00eb shprehin mendimin e tyre.<\/p>\n","protected":false},"excerpt":{"rendered":"<p>Unioni Evropian i Transmetuesve (EBU) ka njoftuar se do t\u00eb mbaj\u00eb nj\u00eb votim online n\u00eb n\u00ebntor p\u00ebr t\u00eb vendosur n\u00ebse transmetuesi publik izraelit, KAN, do t\u00eb lejohet t\u00eb marr\u00eb pjes\u00eb n\u00eb Konkursin e K\u00ebng\u00ebs Eurovision 2026, q\u00eb do t\u00eb mbahet n\u00eb Vjen\u00eb. Vendimi vjen pas presionit nga disa transmetues evropian\u00eb, p\u00ebrfshir\u00eb ata t\u00eb Spanj\u00ebs, Holand\u00ebs, [&hellip;]<\/p>\n","protected":false},"author":3,"featured_media":1516,"comment_status":"closed","ping_status":"open","sticky":false,"template":"","format":"standard","meta":{"footnotes":""},"categories":[26],"tags":[],"class_list":["post-1515","post","type-post","status-publish","format-standard","has-post-thumbnail","hentry","category-pak-per-muziken","entry daho-fn-article"],"_links":{"self":[{"href":"https:\/\/gegfm.com\/1\/wp-json\/wp\/v2\/posts\/1515","targetHints":{"allow":["GET"]}}],"collection":[{"href":"https:\/\/gegfm.com\/1\/wp-json\/wp\/v2\/posts"}],"about":[{"href":"https:\/\/gegfm.com\/1\/wp-json\/wp\/v2\/types\/post"}],"author":[{"embeddable":true,"href":"https:\/\/gegfm.com\/1\/wp-json\/wp\/v2\/users\/3"}],"replies":[{"embeddable":true,"href":"https:\/\/gegfm.com\/1\/wp-json\/wp\/v2\/comments?post=1515"}],"version-history":[{"count":1,"href":"https:\/\/gegfm.com\/1\/wp-json\/wp\/v2\/posts\/1515\/revisions"}],"predecessor-version":[{"id":1517,"href":"https:\/\/gegfm.com\/1\/wp-json\/wp\/v2\/posts\/1515\/revisions\/1517"}],"wp:featuredmedia":[{"embeddable":true,"href":"https:\/\/gegfm.com\/1\/wp-json\/wp\/v2\/media\/1516"}],"wp:attachment":[{"href":"https:\/\/gegfm.com\/1\/wp-json\/wp\/v2\/media?parent=1515"}],"wp:term":[{"taxonomy":"category","embeddable":true,"href":"https:\/\/gegfm.com\/1\/wp-json\/wp\/v2\/categories?post=1515"},{"taxonomy":"post_tag","embeddable":true,"href":"https:\/\/gegfm.com\/1\/wp-json\/wp\/v2\/tags?post=1515"}],"curies":[{"name":"wp","href":"https:\/\/api.w.org\/{rel}","templated":true}]}}