{"id":1375,"date":"2025-09-23T14:33:01","date_gmt":"2025-09-23T12:33:01","guid":{"rendered":"https:\/\/gegfm.com\/1\/?p=1375"},"modified":"2025-09-23T14:33:01","modified_gmt":"2025-09-23T12:33:01","slug":"baleti-i-kosoves-ne-tetor-sjell-premieren-bach-alaturka-bolero","status":"publish","type":"post","link":"https:\/\/gegfm.com\/1\/baleti-i-kosoves-ne-tetor-sjell-premieren-bach-alaturka-bolero\/","title":{"rendered":"Baleti i Kosov\u00ebs n\u00eb tetor sjell premier\u00ebn \u201cBach Alaturka &amp; Bolero\u201d"},"content":{"rendered":"\n<p>Baleti Komb\u00ebtar i Kosov\u00ebs p\u00ebrgatitet t\u00eb mahnis\u00eb publikun me premier\u00ebn e kat\u00ebrt t\u00eb k\u00ebtij viti, nj\u00eb krijim dy-pjes\u00ebsh me titull <strong>\u201cBach Alaturka &amp; Bolero\u201d<\/strong>. Provat p\u00ebr shfaqjen kan\u00eb filluar q\u00eb n\u00eb dit\u00ebt e para t\u00eb tetorit, n\u00eb nj\u00eb bashk\u00ebpunim t\u00eb ve\u00e7ant\u00eb me koreografin nd\u00ebrkomb\u00ebtar <strong>Mehmet Balkan<\/strong>.<\/p>\n\n\n\n<p>Balerin\u00ebt e BKK-s\u00eb punojn\u00eb intensivisht, duke u udh\u00ebhequr nga Balkan dhe asistenti i tij, <strong>Lale Balkan<\/strong>, p\u00ebr t\u00eb sjell\u00eb nj\u00eb performanc\u00eb q\u00eb nd\u00ebrthur eleganc\u00ebn klasike me nuancat e gjall\u00eb t\u00eb ritmeve bashk\u00ebkohore. Publiku do ta ket\u00eb mund\u00ebsin\u00eb ta shijoj\u00eb k\u00ebt\u00eb udh\u00ebtim artistik m\u00eb <strong>23 tetor 2025<\/strong>, n\u00eb nj\u00eb sken\u00eb q\u00eb premton emocione t\u00eb thella dhe l\u00ebvizje magjeps\u00ebse.<\/p>\n\n\n\n<p>Mehmet Balkan ka qen\u00eb partner i ngusht\u00eb i Baletit Komb\u00ebtar t\u00eb Kosov\u00ebs p\u00ebr mbi 15 vjet, duke kontribuar n\u00eb realizimin e veprave t\u00eb shquara si <strong>\u201cLidhja\u201d<\/strong>, <strong>\u201cDasma\u201d<\/strong>, <strong>\u201cNgjyrat e Vall\u00ebzimit\u201d<\/strong>, <strong>\u201cRite of Spring\u201d<\/strong> dhe <strong>\u201cSisters\u201d<\/strong>, nd\u00ebr t\u00eb tjera. Bashk\u00ebpunimi i tij i vazhduesh\u00ebm me balerin\u00ebt e BKK-s\u00eb ka ndihmuar n\u00eb ngritjen e nivelit artistik dhe shpirt\u00ebror t\u00eb trup\u00ebs, duke e b\u00ebr\u00eb secil\u00ebn premier\u00eb nj\u00eb p\u00ebrvoj\u00eb t\u00eb paharrueshme p\u00ebr adhuruesit e baletit.<\/p>\n","protected":false},"excerpt":{"rendered":"<p>Baleti Komb\u00ebtar i Kosov\u00ebs p\u00ebrgatitet t\u00eb mahnis\u00eb publikun me premier\u00ebn e kat\u00ebrt t\u00eb k\u00ebtij viti, nj\u00eb krijim dy-pjes\u00ebsh me titull \u201cBach Alaturka &amp; Bolero\u201d. Provat p\u00ebr shfaqjen kan\u00eb filluar q\u00eb n\u00eb dit\u00ebt e para t\u00eb tetorit, n\u00eb nj\u00eb bashk\u00ebpunim t\u00eb ve\u00e7ant\u00eb me koreografin nd\u00ebrkomb\u00ebtar Mehmet Balkan. Balerin\u00ebt e BKK-s\u00eb punojn\u00eb intensivisht, duke u udh\u00ebhequr nga [&hellip;]<\/p>\n","protected":false},"author":2,"featured_media":1376,"comment_status":"closed","ping_status":"open","sticky":false,"template":"","format":"standard","meta":{"footnotes":""},"categories":[6,26,25,4],"tags":[],"class_list":["post-1375","post","type-post","status-publish","format-standard","has-post-thumbnail","hentry","category-pak-per-kulturen","category-pak-per-muziken","category-pak-per-teatrin","category-pak-per-vendin","entry daho-fn-article"],"_links":{"self":[{"href":"https:\/\/gegfm.com\/1\/wp-json\/wp\/v2\/posts\/1375","targetHints":{"allow":["GET"]}}],"collection":[{"href":"https:\/\/gegfm.com\/1\/wp-json\/wp\/v2\/posts"}],"about":[{"href":"https:\/\/gegfm.com\/1\/wp-json\/wp\/v2\/types\/post"}],"author":[{"embeddable":true,"href":"https:\/\/gegfm.com\/1\/wp-json\/wp\/v2\/users\/2"}],"replies":[{"embeddable":true,"href":"https:\/\/gegfm.com\/1\/wp-json\/wp\/v2\/comments?post=1375"}],"version-history":[{"count":1,"href":"https:\/\/gegfm.com\/1\/wp-json\/wp\/v2\/posts\/1375\/revisions"}],"predecessor-version":[{"id":1377,"href":"https:\/\/gegfm.com\/1\/wp-json\/wp\/v2\/posts\/1375\/revisions\/1377"}],"wp:featuredmedia":[{"embeddable":true,"href":"https:\/\/gegfm.com\/1\/wp-json\/wp\/v2\/media\/1376"}],"wp:attachment":[{"href":"https:\/\/gegfm.com\/1\/wp-json\/wp\/v2\/media?parent=1375"}],"wp:term":[{"taxonomy":"category","embeddable":true,"href":"https:\/\/gegfm.com\/1\/wp-json\/wp\/v2\/categories?post=1375"},{"taxonomy":"post_tag","embeddable":true,"href":"https:\/\/gegfm.com\/1\/wp-json\/wp\/v2\/tags?post=1375"}],"curies":[{"name":"wp","href":"https:\/\/api.w.org\/{rel}","templated":true}]}}