{"id":1334,"date":"2025-09-23T10:44:06","date_gmt":"2025-09-23T08:44:06","guid":{"rendered":"https:\/\/gegfm.com\/1\/?p=1334"},"modified":"2025-09-23T11:08:39","modified_gmt":"2025-09-23T09:08:39","slug":"pdk-organizon-takim-me-studentet-ne-gjilan-me-moton-na-duhesh-edhe-ti","status":"publish","type":"post","link":"https:\/\/gegfm.com\/1\/pdk-organizon-takim-me-studentet-ne-gjilan-me-moton-na-duhesh-edhe-ti\/","title":{"rendered":"PDK organizon takim me student\u00ebt n\u00eb Gjilan me moton \u201cNa duhesh edhe ti\u201d"},"content":{"rendered":"\n<p>Partia Demokratike e Kosov\u00ebs (PDK), me kandidatin p\u00ebr kryetar t\u00eb Komun\u00ebs s\u00eb Gjilanit, Riad Rashiti, organizon sot nj\u00eb takim me student\u00ebt n\u00eb kuad\u00ebr t\u00eb angazhimit p\u00ebr p\u00ebrfshirjen e t\u00eb rinjve n\u00eb proceset vendimmarr\u00ebse dhe zhvillimin e komun\u00ebs.<\/p>\n\n\n\n<p>N\u00eb aktivitet pritet t\u00eb marr\u00eb pjes\u00eb edhe kryetari i PDK-s\u00eb, Memli Krasniqi, i cili do t\u00eb bashk\u00ebbisedoj\u00eb me student\u00ebt mbi prioritetet e partis\u00eb dhe rolin e t\u00eb rinjve n\u00eb komunitet.<\/p>\n\n\n\n<p>Aktiviteti zhvillohet n\u00eb Sht\u00ebpin\u00eb e Rinis\u00eb pran\u00eb Sahat Kull\u00ebs n\u00eb Gjilan dhe synon t\u00eb forcoj\u00eb dialogun mes t\u00eb rinjve dhe udh\u00ebheq\u00ebsve lokal\u00eb, duke ofruar mund\u00ebsin\u00eb q\u00eb student\u00ebt t\u00eb kontribuojn\u00eb me ide dhe sugjerime p\u00ebr nj\u00eb qytet m\u00eb t\u00eb zhvilluar.<\/p>\n\n\n\n<p>Gjat\u00eb takimit do t\u00eb prezantohet programi i qeverisjes s\u00eb PDK-s\u00eb p\u00ebr Komun\u00ebn e Gjilanit, me theks t\u00eb ve\u00e7ant\u00eb n\u00eb pjes\u00ebmarrjen aktive t\u00eb rinis\u00eb dhe p\u00ebrfshirjen e tyre n\u00eb zhvillimin e komun\u00ebs.<\/p>\n\n\n\n<p>Takimi mbahet sot, m\u00eb 23 shtator, duke filluar nga ora 18:00.<\/p>\n\n\n\n<figure class=\"wp-block-image size-full\"><img loading=\"lazy\" decoding=\"async\" width=\"506\" height=\"630\" src=\"https:\/\/gegfm.com\/1\/wp-content\/uploads\/2025\/09\/riadi.jpg\" alt=\"\" class=\"wp-image-1337\" srcset=\"https:\/\/gegfm.com\/1\/wp-content\/uploads\/2025\/09\/riadi.jpg 506w, https:\/\/gegfm.com\/1\/wp-content\/uploads\/2025\/09\/riadi-241x300.jpg 241w, https:\/\/gegfm.com\/1\/wp-content\/uploads\/2025\/09\/riadi-10x12.jpg 10w\" sizes=\"auto, (max-width: 506px) 100vw, 506px\" \/><\/figure>\n","protected":false},"excerpt":{"rendered":"<p>Partia Demokratike e Kosov\u00ebs (PDK), me kandidatin p\u00ebr kryetar t\u00eb Komun\u00ebs s\u00eb Gjilanit, Riad Rashiti, organizon sot nj\u00eb takim me student\u00ebt n\u00eb kuad\u00ebr t\u00eb angazhimit p\u00ebr p\u00ebrfshirjen e t\u00eb rinjve n\u00eb proceset vendimmarr\u00ebse dhe zhvillimin e komun\u00ebs. N\u00eb aktivitet pritet t\u00eb marr\u00eb pjes\u00eb edhe kryetari i PDK-s\u00eb, Memli Krasniqi, i cili do t\u00eb bashk\u00ebbisedoj\u00eb me [&hellip;]<\/p>\n","protected":false},"author":2,"featured_media":1336,"comment_status":"closed","ping_status":"open","sticky":false,"template":"","format":"standard","meta":{"footnotes":""},"categories":[4,29],"tags":[],"class_list":["post-1334","post","type-post","status-publish","format-standard","has-post-thumbnail","hentry","category-pak-per-vendin","category-zgjedhjet-2025","entry daho-fn-article"],"_links":{"self":[{"href":"https:\/\/gegfm.com\/1\/wp-json\/wp\/v2\/posts\/1334","targetHints":{"allow":["GET"]}}],"collection":[{"href":"https:\/\/gegfm.com\/1\/wp-json\/wp\/v2\/posts"}],"about":[{"href":"https:\/\/gegfm.com\/1\/wp-json\/wp\/v2\/types\/post"}],"author":[{"embeddable":true,"href":"https:\/\/gegfm.com\/1\/wp-json\/wp\/v2\/users\/2"}],"replies":[{"embeddable":true,"href":"https:\/\/gegfm.com\/1\/wp-json\/wp\/v2\/comments?post=1334"}],"version-history":[{"count":1,"href":"https:\/\/gegfm.com\/1\/wp-json\/wp\/v2\/posts\/1334\/revisions"}],"predecessor-version":[{"id":1338,"href":"https:\/\/gegfm.com\/1\/wp-json\/wp\/v2\/posts\/1334\/revisions\/1338"}],"wp:featuredmedia":[{"embeddable":true,"href":"https:\/\/gegfm.com\/1\/wp-json\/wp\/v2\/media\/1336"}],"wp:attachment":[{"href":"https:\/\/gegfm.com\/1\/wp-json\/wp\/v2\/media?parent=1334"}],"wp:term":[{"taxonomy":"category","embeddable":true,"href":"https:\/\/gegfm.com\/1\/wp-json\/wp\/v2\/categories?post=1334"},{"taxonomy":"post_tag","embeddable":true,"href":"https:\/\/gegfm.com\/1\/wp-json\/wp\/v2\/tags?post=1334"}],"curies":[{"name":"wp","href":"https:\/\/api.w.org\/{rel}","templated":true}]}}