{"id":1313,"date":"2025-09-22T13:25:09","date_gmt":"2025-09-22T11:25:09","guid":{"rendered":"https:\/\/gegfm.com\/1\/?p=1313"},"modified":"2025-09-22T13:25:10","modified_gmt":"2025-09-22T11:25:10","slug":"nderroi-jete-aktor-i-madh-enver-petrovci-nje-humbje-e-madhe-per-kulturen-shqiptare","status":"publish","type":"post","link":"https:\/\/gegfm.com\/1\/nderroi-jete-aktor-i-madh-enver-petrovci-nje-humbje-e-madhe-per-kulturen-shqiptare\/","title":{"rendered":"Nd\u00ebrroi Jet\u00eb Aktor i Madh Enver Petrovci: Nj\u00eb Humbje e Madhe p\u00ebr Kultur\u00ebn Shqiptare"},"content":{"rendered":"\n<p>Teatri Komb\u00ebtar i Kosov\u00ebs ka njoftuar me pik\u00ebllim t\u00eb thell\u00eb ndarjen nga jeta t\u00eb aktorit dhe profesor Enver Petrovci, nj\u00eb figur\u00eb legjendare e sken\u00ebs dhe kinemas\u00eb shqiptare.<\/p>\n\n\n\n<h4 class=\"wp-block-heading\">Njoftimi Zyrtar i Teatrit Komb\u00ebtar<\/h4>\n\n\n\n<p>\u201cMe pik\u00ebllim t\u00eb thell\u00eb njoftojm\u00eb p\u00ebr ndarjen nga jeta t\u00eb aktorit dhe profesorit t\u00eb shquar, Enver Petrovci.<\/p>\n\n\n\n<p>Teatri Komb\u00ebtar i Kosov\u00ebs u shpreh ngush\u00ebllimet m\u00eb t\u00eb sinqerta familjes Petrovci, koleg\u00ebve, miqve dhe gjith\u00eb publikut q\u00eb e ka \u00e7muar dhe e ka dashur vepr\u00ebn e tij artistike dhe pedagogjike.<\/p>\n\n\n\n<p>Informacionet lidhur me ceremonin\u00eb e varrimit dhe mbledhjen komemorative do t\u00eb b\u00ebhen t\u00eb ditura n\u00eb dit\u00ebt n\u00eb vijim\u201d, thuhet n\u00eb njoftimin zyrtar t\u00eb Teatrit Komb\u00ebtar i Kosov\u00ebs.<\/p>\n\n\n\n<h4 class=\"wp-block-heading\">Karriera Legjendare e Enver Petrovci<\/h4>\n\n\n\n<p>Enver Petrovci (lindur m\u00eb 28 shkurt 1954 n\u00eb Prishtin\u00eb) ishte nj\u00eb aktor, regjisor dhe shkrimtar shqiptar me nj\u00eb karrier\u00eb t\u00eb bujshme brenda dhe jasht\u00eb Kosov\u00ebs. Ai studioi aktrim n\u00eb Beograd dhe u b\u00eb i njohur p\u00ebr rolet shakespeariane si Hamleti, Makbethi dhe Jul Cezari n\u00eb sken\u00ebn e Teatrit Komb\u00ebtar t\u00eb Kosov\u00ebs. Me mbi 50 filma dhe shfaqje, Petrovci luajti n\u00eb produksione si \u201cGomar\u00ebt e Kufirit\u201d dhe \u201cDielli i dyt\u00eb\u201d, duke u b\u00ebr\u00eb nj\u00eb simbol i rezistenc\u00ebs kulturore gjat\u00eb periudh\u00ebs s\u00eb okupimit serb, ku teatri u shnd\u00ebrrua n\u00eb nj\u00eb form\u00eb rezistence. Si pedagog, ai formoi breza aktor\u00ebsh dhe ishte nj\u00eb z\u00eb kritik n\u00eb debatet publike.<\/p>\n\n\n\n<p>Ndarja nga jeta e tij sh\u00ebnon nj\u00eb humbje t\u00eb madhe p\u00ebr artin shqiptar, por trash\u00ebgimia e tij do t\u00eb jetoj\u00eb p\u00ebrmes veprave t\u00eb tij t\u00eb paharrueshme.<\/p>\n","protected":false},"excerpt":{"rendered":"<p>Teatri Komb\u00ebtar i Kosov\u00ebs ka njoftuar me pik\u00ebllim t\u00eb thell\u00eb ndarjen nga jeta t\u00eb aktorit dhe profesor Enver Petrovci, nj\u00eb figur\u00eb legjendare e sken\u00ebs dhe kinemas\u00eb shqiptare. Njoftimi Zyrtar i Teatrit Komb\u00ebtar \u201cMe pik\u00ebllim t\u00eb thell\u00eb njoftojm\u00eb p\u00ebr ndarjen nga jeta t\u00eb aktorit dhe profesorit t\u00eb shquar, Enver Petrovci. Teatri Komb\u00ebtar i Kosov\u00ebs u shpreh [&hellip;]<\/p>\n","protected":false},"author":1,"featured_media":1314,"comment_status":"closed","ping_status":"open","sticky":false,"template":"","format":"standard","meta":{"footnotes":""},"categories":[1,6,2,25,4],"tags":[],"class_list":["post-1313","post","type-post","status-publish","format-standard","has-post-thumbnail","hentry","category-pak-per-filmin","category-pak-per-kulturen","category-pak-per-shqiptaret","category-pak-per-teatrin","category-pak-per-vendin","entry daho-fn-article"],"_links":{"self":[{"href":"https:\/\/gegfm.com\/1\/wp-json\/wp\/v2\/posts\/1313","targetHints":{"allow":["GET"]}}],"collection":[{"href":"https:\/\/gegfm.com\/1\/wp-json\/wp\/v2\/posts"}],"about":[{"href":"https:\/\/gegfm.com\/1\/wp-json\/wp\/v2\/types\/post"}],"author":[{"embeddable":true,"href":"https:\/\/gegfm.com\/1\/wp-json\/wp\/v2\/users\/1"}],"replies":[{"embeddable":true,"href":"https:\/\/gegfm.com\/1\/wp-json\/wp\/v2\/comments?post=1313"}],"version-history":[{"count":1,"href":"https:\/\/gegfm.com\/1\/wp-json\/wp\/v2\/posts\/1313\/revisions"}],"predecessor-version":[{"id":1316,"href":"https:\/\/gegfm.com\/1\/wp-json\/wp\/v2\/posts\/1313\/revisions\/1316"}],"wp:featuredmedia":[{"embeddable":true,"href":"https:\/\/gegfm.com\/1\/wp-json\/wp\/v2\/media\/1314"}],"wp:attachment":[{"href":"https:\/\/gegfm.com\/1\/wp-json\/wp\/v2\/media?parent=1313"}],"wp:term":[{"taxonomy":"category","embeddable":true,"href":"https:\/\/gegfm.com\/1\/wp-json\/wp\/v2\/categories?post=1313"},{"taxonomy":"post_tag","embeddable":true,"href":"https:\/\/gegfm.com\/1\/wp-json\/wp\/v2\/tags?post=1313"}],"curies":[{"name":"wp","href":"https:\/\/api.w.org\/{rel}","templated":true}]}}