{"id":1295,"date":"2025-09-19T15:30:13","date_gmt":"2025-09-19T13:30:13","guid":{"rendered":"https:\/\/gegfm.com\/1\/?p=1295"},"modified":"2025-09-19T15:30:14","modified_gmt":"2025-09-19T13:30:14","slug":"laura-villars-sfidon-histori-gruaja-e-pare-kandidate-per-presidencen-e-fia-s","status":"publish","type":"post","link":"https:\/\/gegfm.com\/1\/laura-villars-sfidon-histori-gruaja-e-pare-kandidate-per-presidencen-e-fia-s\/","title":{"rendered":"Laura Villars Sfidon Histori: Gruaja e Par\u00eb Kandidate p\u00ebr Presidenc\u00ebn e FIA-s"},"content":{"rendered":"\n<p>Pilote zvicerane Laura Villars, e lindur m\u00eb 29 gusht 1997, ka shpallur zyrtarisht kandidatur\u00ebn e saj p\u00ebr presidenc\u00ebn e Federat\u00ebs Nd\u00ebrkomb\u00ebtare t\u00eb Automobilizmit (FIA), duke u b\u00ebr\u00eb gruaja e par\u00eb n\u00eb histori q\u00eb garon p\u00ebr postin m\u00eb t\u00eb lart\u00eb n\u00eb organin rregullator global t\u00eb motorsportit. Ajo sfidon presidentin aktual, sauditin Mohammed Ben Sulayem (q\u00eb mban postin q\u00eb nga 2021), dhe ish-komisionerin e FIA-s, Tim Mayer.<\/p>\n\n\n\n<h4 class=\"wp-block-heading\">Nj\u00eb Moment Historik n\u00eb Automobiliz\u00ebm<\/h4>\n\n\n\n<p>Pavar\u00ebsisht rezultatit t\u00eb zgjedhjeve, Villars ka hyr\u00eb n\u00eb histori si pionierja e par\u00eb fem\u00ebrore n\u00eb k\u00ebt\u00eb gar\u00eb, duke theksuar nevoj\u00ebn p\u00ebr diversitet dhe inovacion n\u00eb motorsport. N\u00eb manifeston e saj, ajo premton t\u00eb rikthej\u00eb nj\u00eb \u201cqeverisje m\u00eb demokratike dhe transparente\u201d, duke u fokusuar n\u00eb fuqizimin e klubeve p\u00ebrmes konsultimeve t\u00eb rregullta, transparenc\u00eb financiare, etiket\u00ebn \u201cFIA Eco-Performance\u201d p\u00ebr q\u00ebndrueshm\u00ebri, forcimin e programit \u201cWomen in Motorsport\u201d (si Girls on Track dhe mentoring) dhe krijimin e nj\u00eb Akademie p\u00ebr Lider\u00eb t\u00eb Rinj FIA. \u201cFIA duhet t\u00eb jet\u00eb p\u00ebrs\u00ebri federata e klubeve dhe mbajt\u00ebsve t\u00eb licencave. Ambicia ime \u00ebsht\u00eb nj\u00eb qeverisje m\u00eb demokratike, transparente, p\u00ebrgjegj\u00ebse dhe e hapur p\u00ebr grat\u00eb dhe gjeneratat e reja,\u201d deklaroi Villars.<\/p>\n\n\n\n<h4 class=\"wp-block-heading\">Karriera e Villars: Nga F4 te Ligier European Series<\/h4>\n\n\n\n<p>28-vje\u00e7arja zvicerane ka garuar n\u00eb seri t\u00eb ndryshme, duke filluar karrier\u00ebn n\u00eb mosh\u00ebn 14-vje\u00e7are. Ajo ka marr\u00eb pjes\u00eb n\u00eb F4 t\u00eb Emirateve t\u00eb Bashkuara Arabe, Ferrari Challenge Europe dhe Ultimate Cup Series F3R (ku u rendit e 5-ta n\u00eb 2023). Aktualisht, ajo garon n\u00eb Ligier European Series me ekipin Team Virage, me nj\u00eb finish m\u00eb t\u00eb mir\u00eb t\u00eb 10-t\u00eb n\u00eb sezonin 2025. P\u00ebrve\u00e7 garave, Villars \u00ebsht\u00eb sip\u00ebrmarr\u00ebse n\u00eb menaxhim biznesi, marketing, pasuri t\u00eb paluajtshme dhe mallra luksoz\u00eb, duke e b\u00ebr\u00eb at\u00eb nj\u00eb kandidate me p\u00ebrvoj\u00eb t\u00eb gjer\u00eb.<\/p>\n\n\n\n<h4 class=\"wp-block-heading\">Zgjedhjet n\u00eb Tashkent: 12 Dhjetor 2025<\/h4>\n\n\n\n<p>Zgjedhjet p\u00ebr presidenc\u00ebn e FIA-s do t\u00eb zhvillohen m\u00eb 12 dhjetor 2025, gjat\u00eb Asambles\u00eb s\u00eb P\u00ebrgjithshme n\u00eb Tashkent, Uzbekistan. P\u00ebr t\u00eb qen\u00eb zyrtarisht kandidate, Villars duhet t\u00eb dor\u00ebzoj\u00eb aplikimin deri m\u00eb 24 tetor, duke p\u00ebrfshir\u00eb nj\u00eb list\u00eb presidenciale me figura ky\u00e7e si president i senatit, dy z\u00ebvend\u00ebspresident\u00eb (p\u00ebr motorsport dhe mobilitet automobilistik) dhe shtat\u00eb z\u00ebvend\u00ebspresident\u00eb rajonal\u00eb. Kandidatura e saj vjen n\u00eb nj\u00eb koh\u00eb tensioni n\u00eb FIA, pas dor\u00ebheqjeve si ajo e Robert Reid, i cili kritikoi munges\u00ebn e transparenc\u00ebs.<\/p>\n\n\n\n<p>Ky hap i guximsh\u00ebm i Villars mund t\u00eb ndryshoj\u00eb dinamik\u00ebn e FIA-s, duke promovuar nj\u00eb qasje m\u00eb t\u00eb hapur dhe inovative n\u00eb motorsport.<\/p>\n","protected":false},"excerpt":{"rendered":"<p>Pilote zvicerane Laura Villars, e lindur m\u00eb 29 gusht 1997, ka shpallur zyrtarisht kandidatur\u00ebn e saj p\u00ebr presidenc\u00ebn e Federat\u00ebs Nd\u00ebrkomb\u00ebtare t\u00eb Automobilizmit (FIA), duke u b\u00ebr\u00eb gruaja e par\u00eb n\u00eb histori q\u00eb garon p\u00ebr postin m\u00eb t\u00eb lart\u00eb n\u00eb organin rregullator global t\u00eb motorsportit. Ajo sfidon presidentin aktual, sauditin Mohammed Ben Sulayem (q\u00eb mban [&hellip;]<\/p>\n","protected":false},"author":1,"featured_media":1296,"comment_status":"closed","ping_status":"open","sticky":false,"template":"","format":"standard","meta":{"footnotes":""},"categories":[27,7],"tags":[],"class_list":["post-1295","post","type-post","status-publish","format-standard","has-post-thumbnail","hentry","category-pak-per-boten","category-pak-per-sportin","entry daho-fn-article"],"_links":{"self":[{"href":"https:\/\/gegfm.com\/1\/wp-json\/wp\/v2\/posts\/1295","targetHints":{"allow":["GET"]}}],"collection":[{"href":"https:\/\/gegfm.com\/1\/wp-json\/wp\/v2\/posts"}],"about":[{"href":"https:\/\/gegfm.com\/1\/wp-json\/wp\/v2\/types\/post"}],"author":[{"embeddable":true,"href":"https:\/\/gegfm.com\/1\/wp-json\/wp\/v2\/users\/1"}],"replies":[{"embeddable":true,"href":"https:\/\/gegfm.com\/1\/wp-json\/wp\/v2\/comments?post=1295"}],"version-history":[{"count":1,"href":"https:\/\/gegfm.com\/1\/wp-json\/wp\/v2\/posts\/1295\/revisions"}],"predecessor-version":[{"id":1297,"href":"https:\/\/gegfm.com\/1\/wp-json\/wp\/v2\/posts\/1295\/revisions\/1297"}],"wp:featuredmedia":[{"embeddable":true,"href":"https:\/\/gegfm.com\/1\/wp-json\/wp\/v2\/media\/1296"}],"wp:attachment":[{"href":"https:\/\/gegfm.com\/1\/wp-json\/wp\/v2\/media?parent=1295"}],"wp:term":[{"taxonomy":"category","embeddable":true,"href":"https:\/\/gegfm.com\/1\/wp-json\/wp\/v2\/categories?post=1295"},{"taxonomy":"post_tag","embeddable":true,"href":"https:\/\/gegfm.com\/1\/wp-json\/wp\/v2\/tags?post=1295"}],"curies":[{"name":"wp","href":"https:\/\/api.w.org\/{rel}","templated":true}]}}